{"id":13945,"date":"2023-02-03T16:47:06","date_gmt":"2023-02-03T15:47:06","guid":{"rendered":"https:\/\/www.tribunj.biz\/?p=13945"},"modified":"2023-02-03T16:47:09","modified_gmt":"2023-02-03T15:47:09","slug":"neco-o-ostrovu-prvic-v-okoli-tribunj-a-vodice","status":"publish","type":"post","link":"https:\/\/www.tribunj.biz\/cs\/2023\/02\/03\/something-about-island-prvic-in-vicinity-of-tribunj-and-vodice\/","title":{"rendered":"N\u011bco o ostrov\u011b Prvi\u0107 v bl\u00edzkosti Tribunje a Vodice"},"content":{"rendered":"<p>Prvi\u0107 je mal\u00fd ostrov le\u017e\u00edc\u00ed v bl\u00edzkosti Tribunje v Chorvatsku. Je sou\u010d\u00e1st\u00ed \u0160ibenicko-kninsk\u00e9 \u017eupy a je zn\u00e1m\u00e1 svou malebnou krajinou, k\u0159i\u0161\u0165\u00e1lov\u011b \u010distou vodou a klidnou atmosf\u00e9rou.<\/p>\n\n\n\n<p>Ostrov je obl\u00edbenou destinac\u00ed pro turisty, kte\u0159\u00ed hledaj\u00ed uvoln\u011bnou a klidnou dovolenou. Prvi\u0107 je zn\u00e1m\u00fd sv\u00fdmi okouzluj\u00edc\u00edmi vesnicemi, historick\u00fdmi kostely a kr\u00e1sn\u00fdmi pl\u00e1\u017eemi. Hlavn\u00ed vesnice ostrova, naz\u00fdvan\u00e1 tak\u00e9 Prvi\u0107, je okouzluj\u00edc\u00edm a dob\u0159e zachoval\u00fdm p\u0159\u00edkladem tradi\u010dn\u00ed chorvatsk\u00e9 ryb\u00e1\u0159sk\u00e9 vesnice.<\/p>\n\n\n\n<p>Krom\u011b sv\u00e9 malebn\u00e9 kr\u00e1sy je Prvi\u0107 zn\u00e1m\u00fd tak\u00e9 sv\u00fdm bohat\u00fdm kulturn\u00edm d\u011bdictv\u00edm. Na ostrov\u011b se nach\u00e1z\u00ed n\u011bkolik historick\u00fdch kostel\u016f, v\u010detn\u011b kostela sv. Michaela, kter\u00fd poch\u00e1z\u00ed ze 16. stolet\u00ed. Ostrov je tak\u00e9 domovem \u0159ady dob\u0159e zachovan\u00fdch tradi\u010dn\u00edch kamenn\u00fdch dom\u016f, kter\u00e9 nab\u00edzej\u00ed pohled do historie ostrova a zp\u016fsobu \u017eivota.<\/p>\n\n\n\n<p>N\u00e1v\u0161t\u011bvn\u00edci Prvi\u0107 si mohou u\u017e\u00edt celou \u0159adu outdoorov\u00fdch aktivit, v\u010detn\u011b plav\u00e1n\u00ed, opalov\u00e1n\u00ed, ryba\u0159en\u00ed a plavby lod\u00ed. \u010cist\u00e1 voda ostrova a kr\u00e1sn\u00e9 pl\u00e1\u017ee jsou ide\u00e1ln\u00ed pro koup\u00e1n\u00ed a opalov\u00e1n\u00ed, zat\u00edmco jeho poklidn\u00e1 atmosf\u00e9ra z n\u011bj d\u011bl\u00e1 skv\u011bl\u00e9 m\u00edsto pro ryba\u0159en\u00ed a plavby lod\u00ed.<\/p>\n\n\n\n<p>Celkov\u011b je Prvi\u0107 okouzluj\u00edc\u00ed a klidn\u00fd ostrov, kter\u00fd nab\u00edz\u00ed relaxa\u010dn\u00ed a nezapomenuteln\u00fd \u00fat\u011bk pro n\u00e1v\u0161t\u011bvn\u00edky, kte\u0159\u00ed hledaj\u00ed klidn\u00fd \u00fanik od shonu ka\u017edodenn\u00edho \u017eivota.<\/p>","protected":false},"excerpt":{"rendered":"<p>Prvi\u0107 je mal\u00fd ostrov nach\u00e1zej\u00edc\u00ed se nedaleko Tribunje v Chorvatsku. Je sou\u010d\u00e1st\u00ed \u0160ibenicko-kninsk\u00e9 \u017eupy a je zn\u00e1m\u00fd svou malebnou krajinou, k\u0159i\u0161\u0165\u00e1lov\u011b \u010dist\u00fdm mo\u0159em a klidnou atmosf\u00e9rou. Ostrov je obl\u00edbenou destinac\u00ed pro turisty, kte\u0159\u00ed hledaj\u00ed klidnou a pohodovou dovolenou. Prvi\u0107 je zn\u00e1m\u00fd sv\u00fdmi okouzluj\u00edc\u00edmi vesnicemi, historick\u00fdmi kostely,\u2026 <a href=\"https:\/\/www.tribunj.biz\/cs\/2023\/02\/03\/something-about-island-prvic-in-vicinity-of-tribunj-and-vodice\/\" class=\"more-link\">pokra\u010dovat ve \u010dten\u00ed<span class=\"screen-reader-text\"> \u201eN\u011bco o ostrov\u011b Prvi\u0107 v bl\u00edzkosti Tribunje a Vodice\u201c<\/span><\/a><\/p>","protected":false},"author":1,"featured_media":0,"comment_status":"open","ping_status":"closed","sticky":false,"template":"","format":"standard","meta":{"advanced_seo_description":"","jetpack_seo_html_title":"","jetpack_seo_noindex":false,"_jetpack_memberships_contains_paid_content":false,"footnotes":""},"categories":[100],"tags":[],"class_list":["post-13945","post","type-post","status-publish","format-standard","hentry","category-sibenik-county"],"jetpack_featured_media_url":"","jetpack_sharing_enabled":true,"jetpack_likes_enabled":true,"_links":{"self":[{"href":"https:\/\/www.tribunj.biz\/cs\/wp-json\/wp\/v2\/posts\/13945","targetHints":{"allow":["GET"]}}],"collection":[{"href":"https:\/\/www.tribunj.biz\/cs\/wp-json\/wp\/v2\/posts"}],"about":[{"href":"https:\/\/www.tribunj.biz\/cs\/wp-json\/wp\/v2\/types\/post"}],"author":[{"embeddable":true,"href":"https:\/\/www.tribunj.biz\/cs\/wp-json\/wp\/v2\/users\/1"}],"replies":[{"embeddable":true,"href":"https:\/\/www.tribunj.biz\/cs\/wp-json\/wp\/v2\/comments?post=13945"}],"version-history":[{"count":0,"href":"https:\/\/www.tribunj.biz\/cs\/wp-json\/wp\/v2\/posts\/13945\/revisions"}],"wp:attachment":[{"href":"https:\/\/www.tribunj.biz\/cs\/wp-json\/wp\/v2\/media?parent=13945"}],"wp:term":[{"taxonomy":"category","embeddable":true,"href":"https:\/\/www.tribunj.biz\/cs\/wp-json\/wp\/v2\/categories?post=13945"},{"taxonomy":"post_tag","embeddable":true,"href":"https:\/\/www.tribunj.biz\/cs\/wp-json\/wp\/v2\/tags?post=13945"}],"curies":[{"name":"wp","href":"https:\/\/api.w.org\/{rel}","templated":true}]}}