{"id":7469,"date":"2019-01-22T17:13:36","date_gmt":"2019-01-22T16:13:36","guid":{"rendered":"https:\/\/www.tribunj.biz\/?p=7469"},"modified":"2023-01-28T23:08:45","modified_gmt":"2023-01-28T22:08:45","slug":"reka-krka","status":"publish","type":"post","link":"https:\/\/www.tribunj.biz\/cs\/2019\/01\/22\/the-river-krka\/","title":{"rendered":"\u0158eka Krka"},"content":{"rendered":"<p>\u0158eka Krka (75 km) m\u00e1 specifick\u00fd v\u00fdznam pro celkovou ekonomiku kraje, zejm\u00e9na v oblasti cestovn\u00edho ruchu. Krka je fenomen\u00e1ln\u00ed skaln\u00ed v\u00e1penec, kter\u00e1 m\u00e1 jedine\u010dn\u00e9 kask\u00e1dy jako ka\u0148ony, kter\u00e9 vytvo\u0159ily p\u0159\u00edrodn\u00ed kr\u00e1su se z\u00e1zra\u010dn\u00fdmi formacemi tufov\u00fdch bari\u00e9r. Velk\u00e9 turistick\u00e9 atrakce jsou Ro\u0161ki Slap (vodop\u00e1d), Visovacsk\u00e9 jezero a mal\u00fd ostrov Visovac, na kter\u00e9m se nach\u00e1z\u00ed franti\u0161k\u00e1nsk\u00fd kl\u00e1\u0161ter sv. Archand\u011bl, obnoven\u00e9 ml\u00fdny, lisovny a etno-sb\u00edrka.<\/p>\n\n\n\n<p>\u010c\u00e1st h\u0159i\u0161t\u011b Krka, od Knina po Skradin, byla prohl\u00e1\u0161ena za n\u00e1rodn\u00ed park v roce 1885 kv\u016fli sv\u00e9 v\u00fdjime\u010dn\u00e9 povaze a v\u011bdeck\u00e9 a kulturn\u00ed historick\u00e9 hodnot\u011b.<\/p>","protected":false},"excerpt":{"rendered":"<p>\u0158eka Krka (75 km) m\u00e1 specifick\u00fd v\u00fdznam pro celkovou ekonomiku kraje, zejm\u00e9na v cestovn\u00edm ruchu. Krka je fenomen\u00e1ln\u00ed skalnat\u00fd v\u00e1pencov\u00fd ter\u00e9n s unik\u00e1tn\u00edmi kask\u00e1dovit\u00fdmi ka\u0148ony, kter\u00e9 vytvo\u0159ily p\u0159\u00edrodn\u00ed kr\u00e1su s podivuhodn\u00fdmi \u00fatvary tufov\u00fdch bari\u00e9r. Velk\u00fdmi turistick\u00fdmi atrakcemi jsou Ro\u0161ki slap (vodop\u00e1d), jezero Visovac a mal\u00fd ostrov\u2026 <a href=\"https:\/\/www.tribunj.biz\/cs\/2019\/01\/22\/the-river-krka\/\" class=\"more-link\">pokra\u010dovat ve \u010dten\u00ed<span class=\"screen-reader-text\"> \u201e\u0158eka Krka\u201c<\/span><\/a><\/p>","protected":false},"author":1,"featured_media":879,"comment_status":"closed","ping_status":"closed","sticky":false,"template":"","format":"standard","meta":{"advanced_seo_description":"","jetpack_seo_html_title":"","jetpack_seo_noindex":false,"_jetpack_memberships_contains_paid_content":false,"footnotes":""},"categories":[100],"tags":[],"class_list":["post-7469","post","type-post","status-publish","format-standard","has-post-thumbnail","hentry","category-sibenik-county"],"jetpack_featured_media_url":"https:\/\/www.tribunj.biz\/wp-content\/uploads\/2018\/04\/krka-10.jpg","jetpack_sharing_enabled":false,"jetpack_likes_enabled":false,"_links":{"self":[{"href":"https:\/\/www.tribunj.biz\/cs\/wp-json\/wp\/v2\/posts\/7469","targetHints":{"allow":["GET"]}}],"collection":[{"href":"https:\/\/www.tribunj.biz\/cs\/wp-json\/wp\/v2\/posts"}],"about":[{"href":"https:\/\/www.tribunj.biz\/cs\/wp-json\/wp\/v2\/types\/post"}],"author":[{"embeddable":true,"href":"https:\/\/www.tribunj.biz\/cs\/wp-json\/wp\/v2\/users\/1"}],"replies":[{"embeddable":true,"href":"https:\/\/www.tribunj.biz\/cs\/wp-json\/wp\/v2\/comments?post=7469"}],"version-history":[{"count":0,"href":"https:\/\/www.tribunj.biz\/cs\/wp-json\/wp\/v2\/posts\/7469\/revisions"}],"wp:featuredmedia":[{"embeddable":true,"href":"https:\/\/www.tribunj.biz\/cs\/wp-json\/wp\/v2\/media\/879"}],"wp:attachment":[{"href":"https:\/\/www.tribunj.biz\/cs\/wp-json\/wp\/v2\/media?parent=7469"}],"wp:term":[{"taxonomy":"category","embeddable":true,"href":"https:\/\/www.tribunj.biz\/cs\/wp-json\/wp\/v2\/categories?post=7469"},{"taxonomy":"post_tag","embeddable":true,"href":"https:\/\/www.tribunj.biz\/cs\/wp-json\/wp\/v2\/tags?post=7469"}],"curies":[{"name":"wp","href":"https:\/\/api.w.org\/{rel}","templated":true}]}}