{"id":9990,"date":"2021-04-14T15:14:56","date_gmt":"2021-04-14T13:14:56","guid":{"rendered":"https:\/\/www.tribunj.biz\/?p=9990"},"modified":"2023-01-28T23:08:13","modified_gmt":"2023-01-28T22:08:13","slug":"oliventraeer","status":"publish","type":"post","link":"https:\/\/www.tribunj.biz\/da\/2021\/04\/14\/olive-trees\/","title":{"rendered":"Oliventr\u00e6er"},"content":{"rendered":"<p>Uanset om du klassificerer det som en frugt eller en gr\u00f8ntsag, m\u00e5 du indr\u00f8mme \u2013 oliven er en magisk f\u00f8devare. Selvom den stammer fra sparsom jord, kan den stadig bruges p\u00e5 et utal af m\u00e5der. Udover at give os olie, bruges den oftest i k\u00f8kkenet \u2013 som en kold forret alene eller i salater, eller som et supplement til saucer, k\u00f8d og fisk. Det faktum, at en middelhavskost er optaget p\u00e5 UNESCOs liste over immateriel kulturarv, vidner yderligere om kvaliteten af denne f\u00f8devare. Der er mange fordele ved olivenolie, og derfor er det bedst at s\u00e6tte kursen mod den kroatiske kyst og udforske al magien ved oliven og olivenolie. L\u00e6r Middelhavets flydende guld at kende\u2026 <a href=\"https:\/\/feeds.croatia.hr\/en\/have-you-met-the-amazing-virgins-of-the-mediterranean\/\" target=\"_blank\" rel=\"noreferrer noopener\">https:\/\/feeds.croatia.hr\/en\/have-you-met-the-amazing-virgins-of-the-mediterranean\/<\/a><\/p>","protected":false},"excerpt":{"rendered":"<p>Whether you classify it as a fruit or a vegetable, you have to admit \u2013 the olive is a magical food. Although it stems from scanty soil, it can still be used in an abundance of ways. Besides giving us oil, it is most commonly used in cuisine \u2013 as a cold appetizer alone or &hellip; <a href=\"https:\/\/www.tribunj.biz\/da\/2021\/04\/14\/olive-trees\/\" class=\"more-link\">Forts\u00e6t med at l\u00e6se<span class=\"screen-reader-text\"> &#8220;Olive trees&#8221;<\/span><\/a><\/p>","protected":false},"author":1,"featured_media":9991,"comment_status":"closed","ping_status":"closed","sticky":false,"template":"","format":"standard","meta":{"advanced_seo_description":"","jetpack_seo_html_title":"","jetpack_seo_noindex":false,"_jetpack_memberships_contains_paid_content":false,"footnotes":""},"categories":[124,100,39],"tags":[],"class_list":["post-9990","post","type-post","status-publish","format-standard","has-post-thumbnail","hentry","category-croatia","category-sibenik-county","category-tribunj"],"jetpack_featured_media_url":"https:\/\/www.tribunj.biz\/wp-content\/uploads\/2021\/04\/HTZ-2016-Croatia-Feeds-naslovna-fotka-za-clanak-Masline-1.0-1920x620-1.jpg","jetpack_sharing_enabled":true,"jetpack_likes_enabled":true,"_links":{"self":[{"href":"https:\/\/www.tribunj.biz\/da\/wp-json\/wp\/v2\/posts\/9990","targetHints":{"allow":["GET"]}}],"collection":[{"href":"https:\/\/www.tribunj.biz\/da\/wp-json\/wp\/v2\/posts"}],"about":[{"href":"https:\/\/www.tribunj.biz\/da\/wp-json\/wp\/v2\/types\/post"}],"author":[{"embeddable":true,"href":"https:\/\/www.tribunj.biz\/da\/wp-json\/wp\/v2\/users\/1"}],"replies":[{"embeddable":true,"href":"https:\/\/www.tribunj.biz\/da\/wp-json\/wp\/v2\/comments?post=9990"}],"version-history":[{"count":0,"href":"https:\/\/www.tribunj.biz\/da\/wp-json\/wp\/v2\/posts\/9990\/revisions"}],"wp:featuredmedia":[{"embeddable":true,"href":"https:\/\/www.tribunj.biz\/da\/wp-json\/wp\/v2\/media\/9991"}],"wp:attachment":[{"href":"https:\/\/www.tribunj.biz\/da\/wp-json\/wp\/v2\/media?parent=9990"}],"wp:term":[{"taxonomy":"category","embeddable":true,"href":"https:\/\/www.tribunj.biz\/da\/wp-json\/wp\/v2\/categories?post=9990"},{"taxonomy":"post_tag","embeddable":true,"href":"https:\/\/www.tribunj.biz\/da\/wp-json\/wp\/v2\/tags?post=9990"}],"curies":[{"name":"wp","href":"https:\/\/api.w.org\/{rel}","templated":true}]}}