{"id":8780,"date":"2020-05-23T12:24:25","date_gmt":"2020-05-23T10:24:25","guid":{"rendered":"https:\/\/www.tribunj.biz\/?p=8780"},"modified":"2023-01-28T23:08:45","modified_gmt":"2023-01-28T22:08:45","slug":"actualizacion-sobre-la-covid-19-en-croacia","status":"publish","type":"post","link":"https:\/\/www.tribunj.biz\/es_es\/2020\/05\/23\/covid-19-update-for-croatia\/","title":{"rendered":"Actualizaci\u00f3n sobre la COVID-19 en Croacia"},"content":{"rendered":"<p><strong>\u00bfEs seguro viajar a Croacia?<\/strong> <strong>Entrada a la Rep\u00fablica de Croacia para ciudadanos extranjeros<\/strong>. <strong>Soy ciudadano de un Estado miembro de la UE\/EEE y he reservado un alojamiento tur\u00edstico en la Rep\u00fablica de Croacia. \u00bfQu\u00e9 documentos necesito para entrar en la Rep\u00fablica de Croacia?<\/strong> <strong>\u00bfEst\u00e1n abiertas las fronteras?<\/strong> <strong>\u00bfHay vuelos a Croacia?<\/strong> <strong>\u00bfExisten vuelos nacionales operando dentro de Croacia?<\/strong> <strong>\u00bfEst\u00e1n actualmente en funcionamiento hoteles en Croacia y, de no ser as\u00ed, cu\u00e1ndo se espera que vuelvan a abrir los hoteles, campamentos y otros alojamientos?<\/strong> <strong>\u00bfEst\u00e1n abiertos los restaurantes?<\/strong> <strong>\u00bfEst\u00e1n abiertas las playas, parques e instalaciones recreativas al aire libre?<\/strong> <strong>\u00bfSe permite la entrada y el atraque de embarcaciones privadas en aguas croatas? \u00bfCu\u00e1l es la situaci\u00f3n del turismo n\u00e1utico?<\/strong> <strong>\u00bfHay transporte p\u00fablico disponible en Croacia? \u00bfDentro de varias ciudades y regiones, o hacia y desde ellas?.<\/strong> <strong>\u00bfHay tr\u00e1fico de pasajeros y\/o transporte p\u00fablico en ferry disponible hacia y desde las islas croatas?<\/strong> <strong>En tr\u00e1nsito por Croacia<\/strong>\u2026<\/p>\n\n\n\n<p>Lea m\u00e1s sobre estas preguntas sobre el coronavirus aqu\u00ed:<\/p>\n\n\n\n<p class=\"has-text-color has-primary-color\"><a href=\"https:\/\/croatia.hr\/en-GB\/coronavirus-2019-ncov-q-and-a\" target=\"_blank\" rel=\"noreferrer noopener\">https:\/\/croatia.hr\/en-GB\/coronavirus-2019-ncov-q-and-a<\/a><\/p>\n\n\n\n<p class=\"has-text-color has-primary-color\"><a href=\"https:\/\/eu2020.hr\/Home\/OneNews?id=184\" target=\"_blank\" rel=\"noreferrer noopener\">https:\/\/eu2020.hr\/Home\/OneNews?id=184<\/a><\/p>","protected":false},"excerpt":{"rendered":"<p>Is it safe to travel to Croatia? Entry into the Republic of Croatia for foreign citizens. I am a citizen of a Member State of the EU\/EEA and I have booked tourist accommodation in the Republic of Croatia. What documents do I need to have to enter the Republic of Croatia? Are the borders open? &hellip; <a href=\"https:\/\/www.tribunj.biz\/es_es\/2020\/05\/23\/covid-19-update-for-croatia\/\" class=\"more-link\">Continue reading<span class=\"screen-reader-text\"> &#8220;Covid-19 update for Croatia&#8221;<\/span><\/a><\/p>","protected":false},"author":1,"featured_media":0,"comment_status":"closed","ping_status":"closed","sticky":false,"template":"","format":"standard","meta":{"advanced_seo_description":"","jetpack_seo_html_title":"","jetpack_seo_noindex":false,"_jetpack_memberships_contains_paid_content":false,"footnotes":""},"categories":[100],"tags":[106,105,108,107,104,103,38],"class_list":["post-8780","post","type-post","status-publish","format-standard","hentry","category-sibenik-county","tag-corona","tag-corona-croatia","tag-corona-tribunj","tag-covid","tag-covid-19","tag-covid-19-update","tag-tribunj"],"jetpack_featured_media_url":"","jetpack_sharing_enabled":true,"jetpack_likes_enabled":true,"_links":{"self":[{"href":"https:\/\/www.tribunj.biz\/es_es\/wp-json\/wp\/v2\/posts\/8780","targetHints":{"allow":["GET"]}}],"collection":[{"href":"https:\/\/www.tribunj.biz\/es_es\/wp-json\/wp\/v2\/posts"}],"about":[{"href":"https:\/\/www.tribunj.biz\/es_es\/wp-json\/wp\/v2\/types\/post"}],"author":[{"embeddable":true,"href":"https:\/\/www.tribunj.biz\/es_es\/wp-json\/wp\/v2\/users\/1"}],"replies":[{"embeddable":true,"href":"https:\/\/www.tribunj.biz\/es_es\/wp-json\/wp\/v2\/comments?post=8780"}],"version-history":[{"count":0,"href":"https:\/\/www.tribunj.biz\/es_es\/wp-json\/wp\/v2\/posts\/8780\/revisions"}],"wp:attachment":[{"href":"https:\/\/www.tribunj.biz\/es_es\/wp-json\/wp\/v2\/media?parent=8780"}],"wp:term":[{"taxonomy":"category","embeddable":true,"href":"https:\/\/www.tribunj.biz\/es_es\/wp-json\/wp\/v2\/categories?post=8780"},{"taxonomy":"post_tag","embeddable":true,"href":"https:\/\/www.tribunj.biz\/es_es\/wp-json\/wp\/v2\/tags?post=8780"}],"curies":[{"name":"wp","href":"https:\/\/api.w.org\/{rel}","templated":true}]}}