{"id":9990,"date":"2021-04-14T15:14:56","date_gmt":"2021-04-14T13:14:56","guid":{"rendered":"https:\/\/www.tribunj.biz\/?p=9990"},"modified":"2023-01-28T23:08:13","modified_gmt":"2023-01-28T22:08:13","slug":"oliivipuut","status":"publish","type":"post","link":"https:\/\/www.tribunj.biz\/fi\/2021\/04\/14\/olive-trees\/","title":{"rendered":"Oliivipuut"},"content":{"rendered":"<p>Luokitteletpa oliivin hedelm\u00e4ksi tai vihannekseksi, on my\u00f6nnett\u00e4v\u00e4 \u2013 oliivi on maaginen ruoka. Vaikka se on kotoisin niukalta maaper\u00e4lt\u00e4, sit\u00e4 voidaan silti k\u00e4ytt\u00e4\u00e4 monin tavoin. \u00d6ljyn lis\u00e4ksi sit\u00e4 k\u00e4ytet\u00e4\u00e4n yleisimmin ruoanlaitossa \u2013 kylm\u00e4n\u00e4 alkupalana yksin\u00e4\u00e4n tai salaateissa tai lis\u00e4n\u00e4 kastikkeisiin, lihaan ja kalaan. Se, ett\u00e4 V\u00e4limeren ruokavalio on merkitty UNESCOn aineettoman perinn\u00f6n luetteloon, kertoo my\u00f6s t\u00e4m\u00e4n ruoan laadusta. Oliivi\u00f6ljyll\u00e4 on monia hy\u00f6tyj\u00e4, joten on parasta suunnata Kroatian rannikolle ja tutustua oliivien ja oliivi\u00f6ljyn taikaan. Tutustu V\u00e4limeren nestem\u00e4iseen kultaan\u2026 <a href=\"https:\/\/feeds.croatia.hr\/en\/have-you-met-the-amazing-virgins-of-the-mediterranean\/\" target=\"_blank\" rel=\"noreferrer noopener\">https:\/\/feeds.croatia.hr\/en\/have-you-met-the-amazing-virgins-of-the-mediterranean\/<\/a><\/p>","protected":false},"excerpt":{"rendered":"<p>Whether you classify it as a fruit or a vegetable, you have to admit \u2013 the olive is a magical food. Although it stems from scanty soil, it can still be used in an abundance of ways. Besides giving us oil, it is most commonly used in cuisine \u2013 as a cold appetizer alone or &hellip; <a href=\"https:\/\/www.tribunj.biz\/fi\/2021\/04\/14\/olive-trees\/\" class=\"more-link\">Jatka lukemista<span class=\"screen-reader-text\"> &#8220;Olive trees&#8221;<\/span><\/a><\/p>","protected":false},"author":1,"featured_media":9991,"comment_status":"closed","ping_status":"closed","sticky":false,"template":"","format":"standard","meta":{"advanced_seo_description":"","jetpack_seo_html_title":"","jetpack_seo_noindex":false,"_jetpack_memberships_contains_paid_content":false,"footnotes":""},"categories":[124,100,39],"tags":[],"class_list":["post-9990","post","type-post","status-publish","format-standard","has-post-thumbnail","hentry","category-croatia","category-sibenik-county","category-tribunj"],"jetpack_featured_media_url":"https:\/\/www.tribunj.biz\/wp-content\/uploads\/2021\/04\/HTZ-2016-Croatia-Feeds-naslovna-fotka-za-clanak-Masline-1.0-1920x620-1.jpg","jetpack_sharing_enabled":true,"jetpack_likes_enabled":true,"_links":{"self":[{"href":"https:\/\/www.tribunj.biz\/fi\/wp-json\/wp\/v2\/posts\/9990","targetHints":{"allow":["GET"]}}],"collection":[{"href":"https:\/\/www.tribunj.biz\/fi\/wp-json\/wp\/v2\/posts"}],"about":[{"href":"https:\/\/www.tribunj.biz\/fi\/wp-json\/wp\/v2\/types\/post"}],"author":[{"embeddable":true,"href":"https:\/\/www.tribunj.biz\/fi\/wp-json\/wp\/v2\/users\/1"}],"replies":[{"embeddable":true,"href":"https:\/\/www.tribunj.biz\/fi\/wp-json\/wp\/v2\/comments?post=9990"}],"version-history":[{"count":0,"href":"https:\/\/www.tribunj.biz\/fi\/wp-json\/wp\/v2\/posts\/9990\/revisions"}],"wp:featuredmedia":[{"embeddable":true,"href":"https:\/\/www.tribunj.biz\/fi\/wp-json\/wp\/v2\/media\/9991"}],"wp:attachment":[{"href":"https:\/\/www.tribunj.biz\/fi\/wp-json\/wp\/v2\/media?parent=9990"}],"wp:term":[{"taxonomy":"category","embeddable":true,"href":"https:\/\/www.tribunj.biz\/fi\/wp-json\/wp\/v2\/categories?post=9990"},{"taxonomy":"post_tag","embeddable":true,"href":"https:\/\/www.tribunj.biz\/fi\/wp-json\/wp\/v2\/tags?post=9990"}],"curies":[{"name":"wp","href":"https:\/\/api.w.org\/{rel}","templated":true}]}}