{"id":10116,"date":"2021-06-24T10:20:40","date_gmt":"2021-06-24T08:20:40","guid":{"rendered":"https:\/\/www.tribunj.biz\/?p=10116"},"modified":"2023-01-28T23:08:13","modified_gmt":"2023-01-28T22:08:13","slug":"informacije-o-raznim-mjerama-na-mjestu-ukljucujuci-o-karanteni-i-testiranje-zahtjevi-za-putnike","status":"publish","type":"post","link":"https:\/\/www.tribunj.biz\/hr\/2021\/06\/24\/information-on-the-various-measures-in-place-including-on-quarantine-and-testing-requirements-for-travelers\/","title":{"rendered":"Informacije o raznim postoje\u0107im mjerama, uklju\u010duju\u0107i karantenu i zahtjeve za testiranje putnika"},"content":{"rendered":"<p>\u00a0Podaci se \u010desto a\u017euriraju i dostupni su na 24 jezika. To bi vam trebalo pomo\u0107i u planiranju putovanja Europom, a pritom ostati sigurni i zdravi. Zemlje EU -a dogovorile su koordinirani pristup ograni\u010denju slobodnog kretanja kao odgovor na pandemiju koronavirusa. To uklju\u010duje oznaku boja za klasifikaciju regija, na temelju tamo\u0161nje epidemiolo\u0161ke situacije.<\/p>\n\n\n\n<p><a href=\"https:\/\/reopen.europa.eu\/en\/\">https:\/\/reopen.europa.eu\/en\/<\/a><\/p>","protected":false},"excerpt":{"rendered":"<p>\u00a0Podaci se \u010desto a\u017euriraju i dostupni su na 24 jezika. To bi vam trebalo pomo\u0107i u planiranju putovanja Europom, a pritom ostati sigurni i zdravi. Zemlje EU -a dogovorile su koordinirani pristup ograni\u010denju slobodnog kretanja kao odgovor na pandemiju koronavirusa. To uklju\u010duje k\u00f4d boje za klasifikaciju regija na temelju ... <a href=\"https:\/\/www.tribunj.biz\/hr\/2021\/06\/24\/information-on-the-various-measures-in-place-including-on-quarantine-and-testing-requirements-for-travelers\/\" class=\"more-link\">nastavi \u010ditati<span class=\"screen-reader-text\"> \u201eInformacije o raznim mjerama koje su na snazi, uklju\u010duju\u0107i karantenu i zahtjeve za testiranje putnika\u201c<\/span><\/a><\/p>","protected":false},"author":1,"featured_media":0,"comment_status":"closed","ping_status":"closed","sticky":false,"template":"","format":"standard","meta":{"advanced_seo_description":"","jetpack_seo_html_title":"","jetpack_seo_noindex":false,"_jetpack_memberships_contains_paid_content":false,"footnotes":""},"categories":[100],"tags":[],"class_list":["post-10116","post","type-post","status-publish","format-standard","hentry","category-sibenik-county"],"jetpack_featured_media_url":"","jetpack_sharing_enabled":true,"jetpack_likes_enabled":true,"_links":{"self":[{"href":"https:\/\/www.tribunj.biz\/hr\/wp-json\/wp\/v2\/posts\/10116","targetHints":{"allow":["GET"]}}],"collection":[{"href":"https:\/\/www.tribunj.biz\/hr\/wp-json\/wp\/v2\/posts"}],"about":[{"href":"https:\/\/www.tribunj.biz\/hr\/wp-json\/wp\/v2\/types\/post"}],"author":[{"embeddable":true,"href":"https:\/\/www.tribunj.biz\/hr\/wp-json\/wp\/v2\/users\/1"}],"replies":[{"embeddable":true,"href":"https:\/\/www.tribunj.biz\/hr\/wp-json\/wp\/v2\/comments?post=10116"}],"version-history":[{"count":0,"href":"https:\/\/www.tribunj.biz\/hr\/wp-json\/wp\/v2\/posts\/10116\/revisions"}],"wp:attachment":[{"href":"https:\/\/www.tribunj.biz\/hr\/wp-json\/wp\/v2\/media?parent=10116"}],"wp:term":[{"taxonomy":"category","embeddable":true,"href":"https:\/\/www.tribunj.biz\/hr\/wp-json\/wp\/v2\/categories?post=10116"},{"taxonomy":"post_tag","embeddable":true,"href":"https:\/\/www.tribunj.biz\/hr\/wp-json\/wp\/v2\/tags?post=10116"}],"curies":[{"name":"wp","href":"https:\/\/api.w.org\/{rel}","templated":true}]}}