{"id":7469,"date":"2019-01-22T17:13:36","date_gmt":"2019-01-22T16:13:36","guid":{"rendered":"https:\/\/www.tribunj.biz\/?p=7469"},"modified":"2023-01-28T23:08:45","modified_gmt":"2023-01-28T22:08:45","slug":"rijeka-krka","status":"publish","type":"post","link":"https:\/\/www.tribunj.biz\/hr\/2019\/01\/22\/the-river-krka\/","title":{"rendered":"Rijeka Krka"},"content":{"rendered":"<p>Rijeka Krka (75 km) ima specifi\u010dno zna\u010denje za ukupnu ekonomiju \u017eupanija, posebno u turizmu. Krka je fenomenalna stjenovita vapnena zemlja, koja ima jedinstvene kaskade poput kanjona koji su stvorili prirodnu ljepotu s \u010dudesnim formacijama barijera. Velika turisti\u010dka atrakcija su Ro\u0161ki slap, Visova\u010dko jezero i oto\u010di\u0107 Visovac na kojem se nalazi franjeva\u010dki samostan Sv.<\/p>\n\n\n\n<p>Dionica toka Krke, od Knina do Skradina, progla\u0161ena je nacionalnim parkom 1885. godine zbog svoje izuzetne prirode i znanstvene i kulturno-povijesne vrijednosti.<\/p>","protected":false},"excerpt":{"rendered":"<p>Rijeka Krka (75 km) ima posebno zna\u010denje za ukupno gospodarstvo \u017eupanije, posebno u turizmu. Krka je fenomenalno kamenito vapnena\u010dko tlo s jedinstvenim kaskadnim kanjonima koji su stvorili prirodnu ljepotu s \u010dudesnim formacijama sedrenih barijera. Velike turisti\u010dke atrakcije su Ro\u0161ki slap, jezero Visovac i oto\u010di\u0107\u2026 <a href=\"https:\/\/www.tribunj.biz\/hr\/2019\/01\/22\/the-river-krka\/\" class=\"more-link\">nastavi \u010ditati<span class=\"screen-reader-text\"> &quot;Rijeka Krka&quot;<\/span><\/a><\/p>","protected":false},"author":1,"featured_media":879,"comment_status":"closed","ping_status":"closed","sticky":false,"template":"","format":"standard","meta":{"advanced_seo_description":"","jetpack_seo_html_title":"","jetpack_seo_noindex":false,"_jetpack_memberships_contains_paid_content":false,"footnotes":""},"categories":[100],"tags":[],"class_list":["post-7469","post","type-post","status-publish","format-standard","has-post-thumbnail","hentry","category-sibenik-county"],"jetpack_featured_media_url":"https:\/\/www.tribunj.biz\/wp-content\/uploads\/2018\/04\/krka-10.jpg","jetpack_sharing_enabled":false,"jetpack_likes_enabled":false,"_links":{"self":[{"href":"https:\/\/www.tribunj.biz\/hr\/wp-json\/wp\/v2\/posts\/7469","targetHints":{"allow":["GET"]}}],"collection":[{"href":"https:\/\/www.tribunj.biz\/hr\/wp-json\/wp\/v2\/posts"}],"about":[{"href":"https:\/\/www.tribunj.biz\/hr\/wp-json\/wp\/v2\/types\/post"}],"author":[{"embeddable":true,"href":"https:\/\/www.tribunj.biz\/hr\/wp-json\/wp\/v2\/users\/1"}],"replies":[{"embeddable":true,"href":"https:\/\/www.tribunj.biz\/hr\/wp-json\/wp\/v2\/comments?post=7469"}],"version-history":[{"count":0,"href":"https:\/\/www.tribunj.biz\/hr\/wp-json\/wp\/v2\/posts\/7469\/revisions"}],"wp:featuredmedia":[{"embeddable":true,"href":"https:\/\/www.tribunj.biz\/hr\/wp-json\/wp\/v2\/media\/879"}],"wp:attachment":[{"href":"https:\/\/www.tribunj.biz\/hr\/wp-json\/wp\/v2\/media?parent=7469"}],"wp:term":[{"taxonomy":"category","embeddable":true,"href":"https:\/\/www.tribunj.biz\/hr\/wp-json\/wp\/v2\/categories?post=7469"},{"taxonomy":"post_tag","embeddable":true,"href":"https:\/\/www.tribunj.biz\/hr\/wp-json\/wp\/v2\/tags?post=7469"}],"curies":[{"name":"wp","href":"https:\/\/api.w.org\/{rel}","templated":true}]}}