{"id":13872,"date":"2023-02-01T17:14:36","date_gmt":"2023-02-01T16:14:36","guid":{"rendered":"https:\/\/www.tribunj.biz\/?p=13872"},"modified":"2023-02-01T17:51:12","modified_gmt":"2023-02-01T16:51:12","slug":"setany-tribunjban-luna-zamalin-sovlja","status":"publish","type":"post","link":"https:\/\/www.tribunj.biz\/hu\/2023\/02\/01\/promenade-in-tribunj-luna-zamalin-sovlja\/","title":{"rendered":"S\u00e9t\u00e1ny Tribunjban (Luna \u2013 Zamalin \u2013 Sovlja)"},"content":{"rendered":"<p>Ha szeretne pihenni a csal\u00e1dj\u00e1val, megismerni Tribunjt, pihenni a tenger mellett, vagy csak elt\u00f6lteni egy kellemes d\u00e9lut\u00e1nt, mindenk\u00e9ppen tegyen egy s\u00e9t\u00e1t a gy\u00f6ny\u00f6r\u0171 tengerparti s\u00e9t\u00e1nyon. A Luna \u00e9tteremt\u0151l (Tribunj Podvrh nev\u0171 r\u00e9sze), a Zamalin strandon kereszt\u00fcl eg\u00e9szen a k\u00f6zeli Sovlja v\u00e1rosig. A s\u00e9t\u00e1ny rendk\u00edv\u00fcl vonz\u00f3 a holtszezonban, amikor kevesebb a t\u00f6meg \u00e9s kellemesebb az id\u0151. Ha szereti a reggeli s\u00e9t\u00e1kat vagy kocog\u00e1st a tenger mellett, ez az ide\u00e1lis hely az \u00d6n sz\u00e1m\u00e1ra. <br \/>Tov\u00e1bbi k\u00e9pek\u00e9rt vagy vide\u00f3anyagok\u00e9rt tekintse meg gazdagonkat <a href=\"https:\/\/www.tribunj.biz\/hu\/keptar\/\" data-type=\"page\" data-id=\"451\">f\u00e9nyk\u00e9p <\/a>\u00e9s <a href=\"https:\/\/www.tribunj.biz\/hu\/keptar\/video-galeria\/\" data-type=\"page\" data-id=\"9818\">vide\u00f3 <\/a>K\u00e9pt\u00e1r.<\/p>\n\n\n\n<figure class=\"wp-block-embed is-type-video is-provider-youtube wp-block-embed-youtube wp-embed-aspect-16-9 wp-has-aspect-ratio\"><div class=\"wp-block-embed__wrapper\">\n<iframe loading=\"lazy\" title=\"\u0160etnica Luna \u2013 Zamalin\" width=\"769\" height=\"433\" src=\"https:\/\/www.youtube.com\/embed\/wlf1_qIdPfk?feature=oembed\" frameborder=\"0\" allow=\"accelerometer; autoplay; clipboard-write; encrypted-media; gyroscope; picture-in-picture; web-share\" allowfullscreen><\/iframe>\n<\/div><\/figure>\n\n\n\n<figure class=\"wp-block-image size-large\"><img decoding=\"async\" src=\"https:\/\/scontent-vie1-1.xx.fbcdn.net\/v\/t39.30808-6\/280643287_422880836507258_8049538538930435650_n.jpg?_nc_cat=104&amp;ccb=1-7&amp;_nc_sid=730e14&amp;_nc_eui2=AeGBxosO7P9k8ltbLDApCJ_VMYI6W8e-x4cxgjpbx77Hh_lvByeZbLIfM0q3bcgX-GKakyPSjbB6OsY6ZeRRfp3X&amp;_nc_ohc=kimz9Ul1ojAAX9NCEwY&amp;_nc_ht=scontent-vie1-1.xx&amp;oh=00_AfCBI598xrttpBm8mz0Br8c6Ur6JVXndnOIFnTgB8F75bw&amp;oe=63DFA8B7\" alt=\"\"\/><figcaption class=\"wp-element-caption\">Zamalin \u2013 Szovlja<\/figcaption><\/figure>\n\n\n\n<figure class=\"wp-block-image size-large\"><img decoding=\"async\" src=\"https:\/\/scontent-vie1-1.xx.fbcdn.net\/v\/t39.30808-6\/280706368_422880866507255_5748482578002919462_n.jpg?_nc_cat=110&amp;ccb=1-7&amp;_nc_sid=730e14&amp;_nc_eui2=AeFYVE_V1PHOgL6qExNZtHCv74syfiNFE3zvizJ-I0UTfONBgHFtfzvRLATnUDKigcsNpuuC0Uq3C1zbDM_YrZO4&amp;_nc_ohc=rz9wFS_BxMMAX-LmKHb&amp;tn=JdLJAhIxi3upik1s&amp;_nc_ht=scontent-vie1-1.xx&amp;oh=00_AfA0Cfm9XtBj9uOOtsqY7HpbUQk_lcDdOoizsXpzh-Wtug&amp;oe=63DF53D2\" alt=\"\"\/><\/figure>\n\n\n\n<figure class=\"wp-block-image size-large\"><img decoding=\"async\" src=\"https:\/\/scontent-vie1-1.xx.fbcdn.net\/v\/t39.30808-6\/280666995_422881069840568_6392276400478371941_n.jpg?_nc_cat=100&amp;ccb=1-7&amp;_nc_sid=730e14&amp;_nc_eui2=AeE9MrJuRuzz3uvvEC7EfSGKKWAwh4dlCRUpYDCHh2UJFQnviVj49Bv3RaN1KQy1NEDg2DY0AbZEbp55Xw605PX5&amp;_nc_ohc=vX7HaImBiDYAX9_sNIg&amp;_nc_ht=scontent-vie1-1.xx&amp;oh=00_AfDQITgS0EMNUrH8cILchdbm2h6V2o93PTn3WGSlqbAPXg&amp;oe=63DF301C\" alt=\"\"\/><figcaption class=\"wp-element-caption\">Zamalin \u2013 Szovlja<\/figcaption><\/figure>\n\n\n\n<figure class=\"wp-block-image size-large\"><img decoding=\"async\" src=\"https:\/\/scontent-vie1-1.xx.fbcdn.net\/v\/t39.30808-6\/280650756_422880566507285_8077297688124384169_n.jpg?_nc_cat=102&amp;ccb=1-7&amp;_nc_sid=730e14&amp;_nc_eui2=AeE9_canuBbwyxgaGIMAjBBC00MW6_5ZbM_TQxbr_llsz03_vHjAJTJzi4umGvZj7gxCiHumCqDbjSiklCiQTXgx&amp;_nc_ohc=jFjeUdqy3zYAX93Os7G&amp;_nc_ht=scontent-vie1-1.xx&amp;oh=00_AfAFTeWCvCJumj7T8FyymLLIYda4NMFcNZAmyO88We4klQ&amp;oe=63DEF792\" alt=\"\"\/><\/figure>\n\n\n\n<figure class=\"wp-block-image size-large\"><img decoding=\"async\" src=\"https:\/\/scontent-vie1-1.xx.fbcdn.net\/v\/t39.30808-6\/280634540_422881083173900_5120263376755300595_n.jpg?_nc_cat=104&amp;ccb=1-7&amp;_nc_sid=730e14&amp;_nc_eui2=AeFSvm8aoj9r91G0nVCfOaZK741OcC57fgvvjU5wLnt-C4udp40wAOv8a-La3XDeNZtB2kak7bTFwoxwvXYU5Zue&amp;_nc_ohc=IiL7ui_eJloAX9iqHJE&amp;_nc_ht=scontent-vie1-1.xx&amp;oh=00_AfDhKMrDFBUa7EggnjyhWA1qjy7lCit-XbM84QZGNDEC8A&amp;oe=63DEDF5E\" alt=\"\"\/><figcaption class=\"wp-element-caption\">Zamalin \u2013 Szovlja<\/figcaption><\/figure>\n\n\n\n<figure class=\"wp-block-image size-large\"><img decoding=\"async\" src=\"https:\/\/scontent-vie1-1.xx.fbcdn.net\/v\/t39.30808-6\/280547491_422881299840545_7555343064390218276_n.jpg?_nc_cat=107&amp;ccb=1-7&amp;_nc_sid=730e14&amp;_nc_eui2=AeGR-rEfCJisJI020CX44G_5q5nSvVDYns6rmdK9UNieziphdiQgN9_asHdR4ybIRaZ882EPALKGW6e-Bn9ePE7J&amp;_nc_ohc=v9ETmZBjaBEAX8aoexp&amp;tn=JdLJAhIxi3upik1s&amp;_nc_ht=scontent-vie1-1.xx&amp;oh=00_AfCj882xEskkCCo-zjSk1aKuAO8AcyX9a2id-TugqUOV0w&amp;oe=63DF6369\" alt=\"\"\/><figcaption class=\"wp-element-caption\">Zamalin \u2013 Szovlja<\/figcaption><\/figure>\n\n\n\n<p><\/p>","protected":false},"excerpt":{"rendered":"<p>Ha csal\u00e1dj\u00e1val szeretne pihenni, megismerkedni Tribunj v\u00e1ros\u00e1val, a tengerparton pihenni, vagy csak egy kellemes d\u00e9lut\u00e1nt elt\u00f6lteni, mindenk\u00e9ppen s\u00e9t\u00e1ljon egyet a gy\u00f6ny\u00f6r\u0171 tengerparti s\u00e9t\u00e1nyon. A Luna \u00e9tteremt\u0151l (Tribunj Podvrh nev\u0171 r\u00e9sze) a Zamalin strandon \u00e1t eg\u00e9szen a k\u00f6zeli v\u00e1rosk\u00e1ig... <a href=\"https:\/\/www.tribunj.biz\/hu\/2023\/02\/01\/promenade-in-tribunj-luna-zamalin-sovlja\/\" class=\"more-link\">olvasson tov\u00e1bb<span class=\"screen-reader-text\"> \u201cS\u00e9t\u00e1ny Tribunjban (Luna \u2013 Zamalin \u2013 Sovlja)\u201d<\/span><\/a><\/p>","protected":false},"author":1,"featured_media":0,"comment_status":"open","ping_status":"closed","sticky":false,"template":"","format":"standard","meta":{"advanced_seo_description":"","jetpack_seo_html_title":"","jetpack_seo_noindex":false,"_jetpack_memberships_contains_paid_content":false,"footnotes":""},"categories":[124,100,39],"tags":[],"class_list":["post-13872","post","type-post","status-publish","format-standard","hentry","category-croatia","category-sibenik-county","category-tribunj"],"jetpack_featured_media_url":"","jetpack_sharing_enabled":true,"jetpack_likes_enabled":true,"_links":{"self":[{"href":"https:\/\/www.tribunj.biz\/hu\/wp-json\/wp\/v2\/posts\/13872","targetHints":{"allow":["GET"]}}],"collection":[{"href":"https:\/\/www.tribunj.biz\/hu\/wp-json\/wp\/v2\/posts"}],"about":[{"href":"https:\/\/www.tribunj.biz\/hu\/wp-json\/wp\/v2\/types\/post"}],"author":[{"embeddable":true,"href":"https:\/\/www.tribunj.biz\/hu\/wp-json\/wp\/v2\/users\/1"}],"replies":[{"embeddable":true,"href":"https:\/\/www.tribunj.biz\/hu\/wp-json\/wp\/v2\/comments?post=13872"}],"version-history":[{"count":0,"href":"https:\/\/www.tribunj.biz\/hu\/wp-json\/wp\/v2\/posts\/13872\/revisions"}],"wp:attachment":[{"href":"https:\/\/www.tribunj.biz\/hu\/wp-json\/wp\/v2\/media?parent=13872"}],"wp:term":[{"taxonomy":"category","embeddable":true,"href":"https:\/\/www.tribunj.biz\/hu\/wp-json\/wp\/v2\/categories?post=13872"},{"taxonomy":"post_tag","embeddable":true,"href":"https:\/\/www.tribunj.biz\/hu\/wp-json\/wp\/v2\/tags?post=13872"}],"curies":[{"name":"wp","href":"https:\/\/api.w.org\/{rel}","templated":true}]}}