{"id":14463,"date":"2023-04-12T09:04:09","date_gmt":"2023-04-12T07:04:09","guid":{"rendered":"https:\/\/www.tribunj.biz\/?p=14463"},"modified":"2023-04-12T09:04:11","modified_gmt":"2023-04-12T07:04:11","slug":"mit-tribunjban-szezonon-kivul","status":"publish","type":"post","link":"https:\/\/www.tribunj.biz\/hu\/2023\/04\/12\/what-to-do-in-tribunj-off-season\/","title":{"rendered":"Mit kell csin\u00e1lni Tribunjban a szezonon k\u00edv\u00fcl?"},"content":{"rendered":"<p>Tribunj egy gy\u00f6ny\u00f6r\u0171 tengerparti v\u00e1ros Horv\u00e1torsz\u00e1gban, amely m\u00e9g a szezonon k\u00edv\u00fcl is rengeteg lehet\u0151s\u00e9get k\u00edn\u00e1l a felfedez\u00e9sre \u00e9s a nagyszer\u0171 szabadt\u00e9ri \u00e9lvezetekre. \u00cdme n\u00e9h\u00e1ny \u00f6tlet, hogy mit tegy\u00fcnk Tribunjban, amikor a t\u00f6meg elvonul:<\/p>\n\n\n\n<ol class=\"wp-block-list\">\n<li>Fedezze fel az \u00f3v\u00e1rost: Tegyen egy s\u00e9t\u00e1t Tribunj b\u00e1jos \u00f3v\u00e1ros\u00e1ban, amely sz\u0171k, kanyarg\u00f3s utc\u00e1kkal \u00e9s hagyom\u00e1nyos k\u0151h\u00e1zakkal rendelkezik.<\/li>\n\n\n\n<li>L\u00e1togassa meg a Szent Mikl\u00f3s-templomot: Ez a leny\u0171g\u00f6z\u0151 templom a 15. sz\u00e1zadb\u00f3l sz\u00e1rmazik, \u00e9s gy\u00f6ny\u00f6r\u0171 harangtoronnyal \u00e9s d\u00edszes bels\u0151vel b\u00fcszk\u00e9lkedhet.<\/li>\n\n\n\n<li>Tegyen egy s\u00e9t\u00e1t a tengerparton: A tengerparti s\u00e9t\u00e1ny remek hely egy kellemes s\u00e9t\u00e1hoz, \u00e9s \u00e9lvezze a gy\u00f6ny\u00f6r\u0171 tengerparti kil\u00e1t\u00e1st.<\/li>\n\n\n\n<li>Menjen t\u00far\u00e1zni: A k\u00f6rnyez\u0151 vid\u00e9k rengeteg lehet\u0151s\u00e9get k\u00edn\u00e1l t\u00far\u00e1z\u00e1sra \u00e9s felfedez\u00e9sre, olajfaligeteken, sz\u0151l\u0151\u00fcltetv\u00e9nyeken \u00e9s feny\u0151erd\u0151k\u00f6n kereszt\u00fcl fest\u0151i \u00f6sv\u00e9nyekkel.<\/li>\n\n\n\n<li>L\u00e1togasson el a Krka Nemzeti Parkba: A Tribunjt\u00f3l r\u00f6vid aut\u00f3\u00fatra tal\u00e1lhat\u00f3 Krka Nemzeti Park k\u00f6telez\u0151 l\u00e1tnival\u00f3. Fedezze fel a leny\u0171g\u00f6z\u0151 v\u00edzes\u00e9seket, m\u00e1rt\u00f3zzon meg a krist\u00e1lytiszta foly\u00f3ban, \u00e9s \u00e9lvezze ennek a leny\u0171g\u00f6z\u0151 parknak a term\u00e9szeti sz\u00e9ps\u00e9g\u00e9t.<\/li>\n\n\n\n<li>Pr\u00f3b\u00e1lja ki a helyi konyh\u00e1t: A szezonon k\u00edv\u00fcl remek alkalom arra, hogy megk\u00f3stolja az \u00edzletes helyi konyh\u00e1t Tribunjban, ahol sz\u00e1mos \u00e9tterem k\u00edn\u00e1l friss helyi alapanyagokb\u00f3l k\u00e9sz\u00fclt hagyom\u00e1nyos \u00e9teleket.<\/li>\n\n\n\n<li>Tegyen egy haj\u00f3kir\u00e1ndul\u00e1st: b\u00e9reljen haj\u00f3t, \u00e9s fedezze fel a k\u00f6rnyez\u0151 szigeteket \u00e9s \u00f6bl\u00f6ket, \u00e9lvezze az Adriai-tenger b\u00e9k\u00e9j\u00e9t \u00e9s nyugalm\u00e1t.<\/li>\n<\/ol>\n\n\n\n<p>\u00d6sszess\u00e9g\u00e9ben Tribunj m\u00e9g a szezonon k\u00edv\u00fcl is rengeteg l\u00e1tnival\u00f3t k\u00edn\u00e1l a l\u00e1togat\u00f3knak, leny\u0171g\u00f6z\u0151 t\u00e1j\u00e1val, gazdag kultur\u00e1lis \u00f6r\u00f6ks\u00e9g\u00e9vel \u00e9s szabadt\u00e9ri tev\u00e9kenys\u00e9gi lehet\u0151s\u00e9geivel.<\/p>","protected":false},"excerpt":{"rendered":"<p>Tribunj egy gy\u00f6ny\u00f6r\u0171 tengerparti v\u00e1ros Horv\u00e1torsz\u00e1gban, amely rengeteg lehet\u0151s\u00e9get k\u00edn\u00e1l a felfedez\u00e9sre \u00e9s a szabadt\u00e9ri tev\u00e9kenys\u00e9gek \u00e9lvezet\u00e9re, m\u00e9g a holtszezonban is. \u00cdme n\u00e9h\u00e1ny \u00f6tlet, hogy mit \u00e9rdemes Tribunjban csin\u00e1lni, amikor m\u00e1r elvonult a t\u00f6meg: \u00d6sszess\u00e9g\u00e9ben Tribunj rengeteg l\u00e1tnival\u00f3t k\u00edn\u00e1l a l\u00e1togat\u00f3knak m\u00e9g a holtszezonban is, leny\u0171g\u00f6z\u0151 t\u00e1jaival, gazdag\u2026 <a href=\"https:\/\/www.tribunj.biz\/hu\/2023\/04\/12\/what-to-do-in-tribunj-off-season\/\" class=\"more-link\">olvasson tov\u00e1bb<span class=\"screen-reader-text\"> \u201eMit csin\u00e1ljunk Tribunjban szezonon k\u00edv\u00fcl?\u201d<\/span><\/a><\/p>","protected":false},"author":1,"featured_media":0,"comment_status":"open","ping_status":"closed","sticky":false,"template":"","format":"standard","meta":{"advanced_seo_description":"","jetpack_seo_html_title":"","jetpack_seo_noindex":false,"_jetpack_memberships_contains_paid_content":false,"footnotes":""},"categories":[100],"tags":[],"class_list":["post-14463","post","type-post","status-publish","format-standard","hentry","category-sibenik-county"],"jetpack_featured_media_url":"","jetpack_sharing_enabled":true,"jetpack_likes_enabled":true,"_links":{"self":[{"href":"https:\/\/www.tribunj.biz\/hu\/wp-json\/wp\/v2\/posts\/14463","targetHints":{"allow":["GET"]}}],"collection":[{"href":"https:\/\/www.tribunj.biz\/hu\/wp-json\/wp\/v2\/posts"}],"about":[{"href":"https:\/\/www.tribunj.biz\/hu\/wp-json\/wp\/v2\/types\/post"}],"author":[{"embeddable":true,"href":"https:\/\/www.tribunj.biz\/hu\/wp-json\/wp\/v2\/users\/1"}],"replies":[{"embeddable":true,"href":"https:\/\/www.tribunj.biz\/hu\/wp-json\/wp\/v2\/comments?post=14463"}],"version-history":[{"count":0,"href":"https:\/\/www.tribunj.biz\/hu\/wp-json\/wp\/v2\/posts\/14463\/revisions"}],"wp:attachment":[{"href":"https:\/\/www.tribunj.biz\/hu\/wp-json\/wp\/v2\/media?parent=14463"}],"wp:term":[{"taxonomy":"category","embeddable":true,"href":"https:\/\/www.tribunj.biz\/hu\/wp-json\/wp\/v2\/categories?post=14463"},{"taxonomy":"post_tag","embeddable":true,"href":"https:\/\/www.tribunj.biz\/hu\/wp-json\/wp\/v2\/tags?post=14463"}],"curies":[{"name":"wp","href":"https:\/\/api.w.org\/{rel}","templated":true}]}}