{"id":14552,"date":"2023-05-01T00:51:15","date_gmt":"2023-04-30T22:51:15","guid":{"rendered":"https:\/\/www.tribunj.biz\/?p=14552"},"modified":"2023-05-01T00:51:18","modified_gmt":"2023-04-30T22:51:18","slug":"hogyan-kell-nyaralni-tribunjban-majusban","status":"publish","type":"post","link":"https:\/\/www.tribunj.biz\/hu\/2023\/05\/01\/how-to-spend-holiday-in-tribunj-in-may\/","title":{"rendered":"Hogyan nyaraljunk Tribunjban m\u00e1jusban"},"content":{"rendered":"<p>Tribunj egy gy\u00f6ny\u00f6r\u0171 tengerparti v\u00e1ros Horv\u00e1torsz\u00e1gban, \u00e9s m\u00e1jus kiv\u00e1l\u00f3 alkalom a l\u00e1togat\u00e1sra, mivel az id\u0151 meleg \u00e9s napos, de nem t\u00fal zs\u00fafolt turist\u00e1kkal. \u00cdme n\u00e9h\u00e1ny \u00f6tlet, hogyan t\u00f6ltse el nyaral\u00e1s\u00e1t Tribunjban m\u00e1jusban:<\/p>\n\n\n\n<p>Fedezze fel az \u00f3v\u00e1rost: Tegyen egy s\u00e9t\u00e1t Tribunj b\u00e1jos \u00f3v\u00e1ros\u00e1ban, sz\u0171k utc\u00e1ival, k\u0151h\u00e1zaival \u00e9s fest\u0151i kik\u00f6t\u0151j\u00e9vel. Megcsod\u00e1lhatja a hagyom\u00e1nyos \u00e9p\u00edt\u00e9szetet, megl\u00e1togathatja a helyi templomot, \u00e9s b\u00f6ng\u00e9szhet az \u00fczletekben \u00e9s k\u00e1v\u00e9z\u00f3kban.<\/p>\n\n\n\n<p>L\u00e1togassa meg a strandokat: Tribunjban sz\u00e1mos gy\u00f6ny\u00f6r\u0171 strand tal\u00e1lhat\u00f3, amelyek t\u00f6k\u00e9letesek \u00fasz\u00e1sra \u00e9s napoz\u00e1sra. N\u00e9h\u00e1ny n\u00e9pszer\u0171 lehet\u0151s\u00e9g k\u00f6z\u00e9 tartozik a Zamalin strand, a Sovlje strand \u00e9s a homokos strand a k\u00f6zeli Vodice faluban.<\/p>\n\n\n\n<p>Menjen haj\u00f3kir\u00e1ndul\u00e1sra: Tegyen egy haj\u00f3kir\u00e1ndul\u00e1st a k\u00f6zeli Murter \u00e9s Kornati szigetekre, amelyek leny\u0171g\u00f6z\u0151 term\u00e9szeti sz\u00e9ps\u00e9g\u00fckr\u0151l \u00e9s krist\u00e1lytiszta viz\u00fckr\u0151l ismertek. Kajakot vagy evez\u0151deszk\u00e1t is b\u00e9relhet, \u00e9s saj\u00e1t temp\u00f3j\u00e1ban fedezheti fel a partvonalat.<\/p>\n\n\n\n<p>Pr\u00f3b\u00e1lja ki a helyi konyh\u00e1t: a horv\u00e1t konyha finom, Tribunjban pedig sz\u00e1mos nagyszer\u0171 \u00e9tterem tal\u00e1lhat\u00f3, ahol friss tenger gy\u00fcm\u00f6lcseit, grillezett h\u00fasokat \u00e9s helyi specialit\u00e1sokat szolg\u00e1lnak fel, mint p\u00e9ld\u00e1ul a polip sal\u00e1ta \u00e9s a peka (egy lassan f\u0151tt h\u00fas- \u00e9s z\u00f6lds\u00e9g\u00e9tel).<\/p>\n\n\n\n<p>Menjen t\u00far\u00e1zni: Ha szereti a t\u00far\u00e1z\u00e1st, sz\u00e1mos fest\u0151i \u00f6sv\u00e9ny tal\u00e1lhat\u00f3 a k\u00f6rny\u00e9ken, amelyek l\u00e9legzetel\u00e1ll\u00edt\u00f3 kil\u00e1t\u00e1st ny\u00fajtanak a tengerpartra \u00e9s a k\u00f6rnyez\u0151 vid\u00e9kre. Az egyik n\u00e9pszer\u0171 lehet\u0151s\u00e9g a k\u00f6zeli Vrhovac domb tetej\u00e9re vezet\u0151 \u00f6sv\u00e9ny, ahonnan panor\u00e1m\u00e1s kil\u00e1t\u00e1s ny\u00edlik a v\u00e1rosra \u00e9s a tengerre.<\/p>\n\n\n\n<p>Vegyen r\u00e9szt a helyi fesztiv\u00e1lokon: M\u00e1jus remek alkalom arra, hogy megtapasztaljon n\u00e9h\u00e1ny helyi fesztiv\u00e1lt \u00e9s esem\u00e9nyt Tribunjban \u00e9s a k\u00f6zeli v\u00e1rosokban. P\u00e9ld\u00e1ul a k\u00f6zeli \u0160ibenik v\u00e1ros m\u00e1jusban ad otthont a Nemzetk\u00f6zi Gyermekfesztiv\u00e1lnak, amely sz\u00ednh\u00e1zi el\u0151ad\u00e1sokat, koncerteket \u00e9s gyerekeknek sz\u00f3l\u00f3 workshopokat k\u00edn\u00e1l.<br \/>Vanka Regule Tribunjban: Ezt a hagyom\u00e1nyos fesztiv\u00e1lt m\u00e1jus elsej\u00e9n tartj\u00e1k, a ny\u00e1ri szezon kezdet\u00e9t \u00fcnnepelve. K\u00fcl\u00f6nf\u00e9le tev\u00e9kenys\u00e9gek, p\u00e9ld\u00e1ul cs\u00f3nakos felvonul\u00e1s, koncertek, t\u00e1ncok, valamint piac helyi term\u00e9kekkel \u00e9s k\u00e9zm\u0171ves term\u00e9kekkel v\u00e1rj\u00e1k a vend\u00e9geket.<\/p>\n\n\n\n<p>\u0160ibenik Nemzetk\u00f6zi Gyermekfesztiv\u00e1l: Ez egy gyerekeknek szentelt fesztiv\u00e1l \u0160ibenikben, a k\u00f6zeli v\u00e1rosban. K\u00fcl\u00f6nf\u00e9le tev\u00e9kenys\u00e9geket k\u00edn\u00e1l, p\u00e9ld\u00e1ul sz\u00ednh\u00e1zi el\u0151ad\u00e1sokat, koncerteket \u00e9s gyerekeknek sz\u00f3l\u00f3 workshopokat. A fesztiv\u00e1l 1958 \u00f3ta zajlik, \u00e9s minden \u00e9vben m\u00e1jusban \u00e9s j\u00faniusban ker\u00fcl megrendez\u00e9sre.<\/p>\n\n\n\n<p>Fa\u017eana Hal\u00e1szfesztiv\u00e1l: Fa\u017eana egy kisv\u00e1ros az Isztriai-f\u00e9lszigeten. A Hal\u00e1szfesztiv\u00e1l egy h\u00e1romnapos, m\u00e1jusban zajl\u00f3 rendezv\u00e9ny, amely a v\u00e1ros hal\u00e1szati hagyom\u00e1nyait \u00fcnnepli. A fesztiv\u00e1l helyi tengeri \u00e9teleket, zen\u00e9t \u00e9s t\u00e1ncot, valamint feld\u00edsz\u00edtett hal\u00e1szhaj\u00f3k felvonul\u00e1s\u00e1t k\u00edn\u00e1lja.<\/p>\n\n\n\n<p>Zadari szabadt\u00e9ri fesztiv\u00e1l: Zadar egy tengerparti v\u00e1ros Tribunjt\u00f3l \u00e9szakra. A Zadar Outdoor Festival egy n\u00e9gynapos rendezv\u00e9ny, amelyet m\u00e1jusban tartanak, \u00e9s olyan szabadt\u00e9ri tev\u00e9kenys\u00e9geket \u00fcnnepelnek, mint a t\u00far\u00e1z\u00e1s, a hegym\u00e1sz\u00e1s \u00e9s a ker\u00e9kp\u00e1roz\u00e1s. A fesztiv\u00e1lon t\u00e1rlatvezet\u00e9sek, workshopok \u00e9s versenyek v\u00e1rj\u00e1k amat\u0151r\u00f6ket \u00e9s profikat egyar\u00e1nt.<\/p>\n\n\n\n<p>Spliti Tavaszi Fesztiv\u00e1l: Split egy tengerparti v\u00e1ros Tribunjt\u00f3l d\u00e9lre. A Spliti Tavaszi Fesztiv\u00e1l egy k\u00e9thetes rendezv\u00e9ny m\u00e1jusban, amely k\u00fcl\u00f6nf\u00e9le kultur\u00e1lis tev\u00e9kenys\u00e9geket, p\u00e9ld\u00e1ul koncerteket, sz\u00ednh\u00e1zi el\u0151ad\u00e1sokat, ki\u00e1ll\u00edt\u00e1sokat \u00e9s workshopokat tartalmaz. A fesztiv\u00e1l v\u00e1ltozatos programj\u00e1r\u00f3l \u00e9s sz\u00ednvonalas el\u0151ad\u00e1sair\u00f3l ismert.<\/p>\n\n\n\n<p>Krka Ultra Challenge: Ez egy trail fut\u00f3verseny, amely a Krka Nemzeti Parkban zajlik, amely k\u00f6r\u00fclbel\u00fcl 45 percre tal\u00e1lhat\u00f3 Tribunjt\u00f3l. A verseny t\u00f6bb t\u00e1vot foglal mag\u00e1ban, 10 km-t\u0151l 70 km-ig, \u00e9s a park leny\u0171g\u00f6z\u0151 t\u00e1jain kalauzolja el a fut\u00f3kat.<\/p>\n\n\n\n<p>Nemzetk\u00f6zi Gyermeksz\u00ednh\u00e1zi Fesztiv\u00e1l: Ezt a fesztiv\u00e1lt Zadarban rendezik m\u00e1jus v\u00e9g\u00e9n, amely k\u00f6r\u00fclbel\u00fcl m\u00e1sf\u00e9l \u00f3r\u00e1s aut\u00f3\u00fatra van Tribunjt\u00f3l. A fesztiv\u00e1lon a vil\u00e1g minden t\u00e1j\u00e1r\u00f3l \u00e9rkezett gyerekek sz\u00ednh\u00e1zi el\u0151ad\u00e1sai szerepelnek, valamint m\u0171helyek, b\u00e1bel\u0151ad\u00e1sok \u00e9s egy\u00e9b gyerekeknek sz\u00f3l\u00f3 rendezv\u00e9nyek is szerepelnek.<\/p>\n\n\n\n<p>Fjera: Ez egy hagyom\u00e1nyos fesztiv\u00e1l, amelyre a k\u00f6zeli Vodice v\u00e1ros\u00e1ban ker\u00fcl sor m\u00e1jus v\u00e9g\u00e9n. A fesztiv\u00e1lon \u00e9l\u0151zene, t\u00e1ncel\u0151ad\u00e1sok, valamint hagyom\u00e1nyos j\u00e1t\u00e9kok \u00e9s tev\u00e9kenys\u00e9gek szerepelnek, mint p\u00e9ld\u00e1ul a zs\u00edros r\u00fadm\u00e1sz\u00f3 verseny.<\/p>\n\n\n\n<p>Ez csak n\u00e9h\u00e1ny p\u00e9lda a sok fesztiv\u00e1l \u00e9s rendezv\u00e9ny k\u00f6z\u00fcl, amelyekre Horv\u00e1torsz\u00e1gban ker\u00fcl sor m\u00e1jusban. Ak\u00e1r kultur\u00e1lis tev\u00e9kenys\u00e9gek, szabadt\u00e9ri kalandok, ak\u00e1r hagyom\u00e1nyos \u00fcnneps\u00e9gek ir\u00e1nt \u00e9rdekl\u0151dik, mindenki tal\u00e1l valami kedv\u00e9re val\u00f3t.<\/p>\n\n\n\n<p>\u00d6sszess\u00e9g\u00e9ben rengeteg tev\u00e9kenys\u00e9g v\u00e1rja \u00d6nt a m\u00e1jusi tribunji nyaral\u00e1s alatt. Ak\u00e1r a tengerparton szeretne pihenni, ak\u00e1r a helyi kult\u00far\u00e1t \u00e9s konyh\u00e1t felfedezni, ak\u00e1r a szabadban szeretne akt\u00edvan r\u00e9szt venni, mindenki tal\u00e1l valamit.<\/p>","protected":false},"excerpt":{"rendered":"<p>Tribunj egy gy\u00f6ny\u00f6r\u0171 tengerparti v\u00e1ros Horv\u00e1torsz\u00e1gban, \u00e9s m\u00e1jus kiv\u00e1l\u00f3 alkalom a l\u00e1togat\u00e1sra, mivel az id\u0151 meleg \u00e9s napos, de nem t\u00fal zs\u00fafolt turist\u00e1kkal. \u00cdme n\u00e9h\u00e1ny \u00f6tlet, hogyan t\u00f6ltse el nyaral\u00e1s\u00e1t Tribunjban m\u00e1jusban: Fedezze fel az \u00f3v\u00e1rost: Tegyen egy s\u00e9t\u00e1t a b\u00e1jos \u00f3v\u00e1rosban\u2026 <a href=\"https:\/\/www.tribunj.biz\/hu\/2023\/05\/01\/how-to-spend-holiday-in-tribunj-in-may\/\" class=\"more-link\">olvasson tov\u00e1bb<span class=\"screen-reader-text\"> \u201cHogyan nyaraljunk Tribunjban m\u00e1jusban\u201d<\/span><\/a><\/p>","protected":false},"author":1,"featured_media":0,"comment_status":"open","ping_status":"closed","sticky":false,"template":"","format":"standard","meta":{"advanced_seo_description":"","jetpack_seo_html_title":"","jetpack_seo_noindex":false,"_jetpack_memberships_contains_paid_content":false,"footnotes":""},"categories":[100],"tags":[],"class_list":["post-14552","post","type-post","status-publish","format-standard","hentry","category-sibenik-county"],"jetpack_featured_media_url":"","jetpack_sharing_enabled":true,"jetpack_likes_enabled":true,"_links":{"self":[{"href":"https:\/\/www.tribunj.biz\/hu\/wp-json\/wp\/v2\/posts\/14552","targetHints":{"allow":["GET"]}}],"collection":[{"href":"https:\/\/www.tribunj.biz\/hu\/wp-json\/wp\/v2\/posts"}],"about":[{"href":"https:\/\/www.tribunj.biz\/hu\/wp-json\/wp\/v2\/types\/post"}],"author":[{"embeddable":true,"href":"https:\/\/www.tribunj.biz\/hu\/wp-json\/wp\/v2\/users\/1"}],"replies":[{"embeddable":true,"href":"https:\/\/www.tribunj.biz\/hu\/wp-json\/wp\/v2\/comments?post=14552"}],"version-history":[{"count":0,"href":"https:\/\/www.tribunj.biz\/hu\/wp-json\/wp\/v2\/posts\/14552\/revisions"}],"wp:attachment":[{"href":"https:\/\/www.tribunj.biz\/hu\/wp-json\/wp\/v2\/media?parent=14552"}],"wp:term":[{"taxonomy":"category","embeddable":true,"href":"https:\/\/www.tribunj.biz\/hu\/wp-json\/wp\/v2\/categories?post=14552"},{"taxonomy":"post_tag","embeddable":true,"href":"https:\/\/www.tribunj.biz\/hu\/wp-json\/wp\/v2\/tags?post=14552"}],"curies":[{"name":"wp","href":"https:\/\/api.w.org\/{rel}","templated":true}]}}