{"id":14774,"date":"2023-06-06T11:35:00","date_gmt":"2023-06-06T09:35:00","guid":{"rendered":"https:\/\/www.tribunj.biz\/?p=14774"},"modified":"2023-06-06T11:35:04","modified_gmt":"2023-06-06T09:35:04","slug":"robogo-es-motorkolcsonzo-cegek","status":"publish","type":"post","link":"https:\/\/www.tribunj.biz\/hu\/2023\/06\/06\/scooter-and-motorcycle-rental-companies\/","title":{"rendered":"Robog\u00f3- \u00e9s motork\u00f6lcs\u00f6nz\u0151 c\u00e9gek"},"content":{"rendered":"<p>Ha robog\u00f3kat vagy motorker\u00e9kp\u00e1rokat szeretne b\u00e9relni Tribunjban \u00e9s Vodic\u00e9ben, sz\u00e1mos k\u00f6lcs\u00f6nz\u0151 c\u00e9g k\u00edn\u00e1lja ezeket a lehet\u0151s\u00e9geket. \u00cdme n\u00e9h\u00e1ny robog\u00f3- \u00e9s motork\u00f6lcs\u00f6nz\u0151 c\u00e9g, amelyeket a k\u00f6rny\u00e9ken tal\u00e1lhat:<\/p>\n\n\n\n<ol class=\"wp-block-list\">\n<li>Vodice robog\u00f3b\u00e9rl\u00e9s<\/li>\n\n\n\n<li>Tribunj robog\u00f3k\u00f6lcs\u00f6nz\u0151<\/li>\n\n\n\n<li>Adria robog\u00f3 b\u00e9rl\u00e9s<\/li>\n\n\n\n<li>Motork\u00f6lcs\u00f6nz\u0151 Vodice<\/li>\n\n\n\n<li>Tribunj motork\u00f6lcs\u00f6nz\u0151<\/li>\n\n\n\n<li>Rent-a-Scooter Vodice<\/li>\n\n\n\n<li>Robog\u00f3k\u00f6lcs\u00f6nz\u0151 Tribunj<\/li>\n\n\n\n<li>Moto Rent Vodice<\/li>\n\n\n\n<li>Tribunj Rent-a-Scooter<\/li>\n<\/ol>\n\n\n\n<p>Ezek a k\u00f6lcs\u00f6nz\u0151 c\u00e9gek \u00e1ltal\u00e1ban k\u00fcl\u00f6nf\u00e9le robog\u00f3kat \u00e9s motorker\u00e9kp\u00e1rokat k\u00edn\u00e1lnak k\u00fcl\u00f6nb\u00f6z\u0151 id\u0151tartamra. Fontos, hogy ellen\u0151rizze webhelyeiket, vagy k\u00f6zvetlen\u00fcl vegye fel vel\u00fck a kapcsolatot, \u00e9s \u00e9rdekl\u0151dj\u00f6n az el\u00e9rhet\u0151 modellekr\u0151l, az \u00e1rakr\u00f3l, a licenck\u00f6vetelm\u00e9nyekr\u0151l \u00e9s a b\u00e9rleti felt\u00e9telekr\u0151l.<\/p>","protected":false},"excerpt":{"rendered":"<p>Ha robog\u00f3t vagy motorker\u00e9kp\u00e1rt szeretne b\u00e9relni Tribunjban \u00e9s Vodic\u00e9ben, sz\u00e1mos k\u00f6lcs\u00f6nz\u0151 c\u00e9g k\u00edn\u00e1l ilyen lehet\u0151s\u00e9geket. \u00cdme n\u00e9h\u00e1ny robog\u00f3- \u00e9s motorker\u00e9kp\u00e1r-k\u00f6lcs\u00f6nz\u0151 c\u00e9g, amelyeket a k\u00f6rny\u00e9ken tal\u00e1lhat: Ezek a k\u00f6lcs\u00f6nz\u0151 c\u00e9gek jellemz\u0151en robog\u00f3k \u00e9s motorker\u00e9kp\u00e1rok sz\u00e9les v\u00e1laszt\u00e9k\u00e1t k\u00edn\u00e1lj\u00e1k k\u00fcl\u00f6nb\u00f6z\u0151 id\u0151tartamokra. Fontos ellen\u0151rizni a weboldalaikat \u2026 <a href=\"https:\/\/www.tribunj.biz\/hu\/2023\/06\/06\/scooter-and-motorcycle-rental-companies\/\" class=\"more-link\">olvasson tov\u00e1bb<span class=\"screen-reader-text\"> \u201eRobog\u00f3- \u00e9s motorker\u00e9kp\u00e1r-k\u00f6lcs\u00f6nz\u0151 c\u00e9gek\u201d<\/span><\/a><\/p>","protected":false},"author":1,"featured_media":0,"comment_status":"open","ping_status":"closed","sticky":false,"template":"","format":"standard","meta":{"advanced_seo_description":"","jetpack_seo_html_title":"","jetpack_seo_noindex":false,"_jetpack_memberships_contains_paid_content":false,"footnotes":""},"categories":[100],"tags":[],"class_list":["post-14774","post","type-post","status-publish","format-standard","hentry","category-sibenik-county"],"jetpack_featured_media_url":"","jetpack_sharing_enabled":true,"jetpack_likes_enabled":true,"_links":{"self":[{"href":"https:\/\/www.tribunj.biz\/hu\/wp-json\/wp\/v2\/posts\/14774","targetHints":{"allow":["GET"]}}],"collection":[{"href":"https:\/\/www.tribunj.biz\/hu\/wp-json\/wp\/v2\/posts"}],"about":[{"href":"https:\/\/www.tribunj.biz\/hu\/wp-json\/wp\/v2\/types\/post"}],"author":[{"embeddable":true,"href":"https:\/\/www.tribunj.biz\/hu\/wp-json\/wp\/v2\/users\/1"}],"replies":[{"embeddable":true,"href":"https:\/\/www.tribunj.biz\/hu\/wp-json\/wp\/v2\/comments?post=14774"}],"version-history":[{"count":0,"href":"https:\/\/www.tribunj.biz\/hu\/wp-json\/wp\/v2\/posts\/14774\/revisions"}],"wp:attachment":[{"href":"https:\/\/www.tribunj.biz\/hu\/wp-json\/wp\/v2\/media?parent=14774"}],"wp:term":[{"taxonomy":"category","embeddable":true,"href":"https:\/\/www.tribunj.biz\/hu\/wp-json\/wp\/v2\/categories?post=14774"},{"taxonomy":"post_tag","embeddable":true,"href":"https:\/\/www.tribunj.biz\/hu\/wp-json\/wp\/v2\/tags?post=14774"}],"curies":[{"name":"wp","href":"https:\/\/api.w.org\/{rel}","templated":true}]}}