{"id":39,"count":20,"description":"\u00deetta er flokkurinn Tribunj me\u00f0 \u00f6llum f\u00e6rslum sem tengjast \u00e1 einhvern h\u00e1tt vi\u00f0 sta\u00f0inn Tribunj.","link":"https:\/\/www.tribunj.biz\/is\/category\/tribunj\/","name":"Tribunj","slug":"thribui","taxonomy":"category","parent":0,"meta":[],"_links":{"self":[{"href":"https:\/\/www.tribunj.biz\/is\/wp-json\/wp\/v2\/categories\/39","targetHints":{"allow":["GET"]}}],"collection":[{"href":"https:\/\/www.tribunj.biz\/is\/wp-json\/wp\/v2\/categories"}],"about":[{"href":"https:\/\/www.tribunj.biz\/is\/wp-json\/wp\/v2\/taxonomies\/category"}],"wp:post_type":[{"href":"https:\/\/www.tribunj.biz\/is\/wp-json\/wp\/v2\/posts?categories=39"}],"curies":[{"name":"wp","href":"https:\/\/api.w.org\/{rel}","templated":true}]}}