{"id":13919,"date":"2023-02-03T14:49:16","date_gmt":"2023-02-03T13:49:16","guid":{"rendered":"https:\/\/www.tribunj.biz\/?p=13919"},"modified":"2023-02-03T14:49:19","modified_gmt":"2023-02-03T13:49:19","slug":"nokkrir-af-mikilvaegum-hatidisdogum-i-tribunj","status":"publish","type":"post","link":"https:\/\/www.tribunj.biz\/is\/2023\/02\/03\/some-of-the-important-holidays-in-tribunj\/","title":{"rendered":"Nokkrir af mikilv\u00e6gustu fr\u00edd\u00f6gum \u00ed Tribunj"},"content":{"rendered":"<p>Tribunj, sem ka\u00fe\u00f3lskur b\u00e6r \u00ed Kr\u00f3at\u00edu, heldur upp \u00e1 nokkrar ka\u00fe\u00f3lskar h\u00e1t\u00ed\u00f0ir allt \u00e1ri\u00f0. Me\u00f0al helstu h\u00e1t\u00ed\u00f0a \u00ed Tribunj eru:<\/p>\n\n\n\n<ol class=\"wp-block-list\">\n<li>Nikul\u00e1sardagur: \u00deessi h\u00e1t\u00ed\u00f0isdagur er haldinn til hei\u00f0urs verndard\u00fdrlingi b\u00e6jarins og felur venjulega \u00ed s\u00e9r skr\u00fa\u00f0g\u00f6ngur, b\u00e6nir og a\u00f0rar tr\u00faarlegar athafnir.<\/li>\n\n\n\n<li>Sankti Ante-dagurinn<\/li>\n\n\n\n<li>Mar\u00eda Gu\u00f0s \u2013 Mar\u00eda Gu\u00f0s kirkja \u00ed Tribunj \u00ed Kr\u00f3at\u00edu er ka\u00fe\u00f3lsk kirkja helgu\u00f0 Mar\u00edu mey. H\u00fan er sta\u00f0sett \u00ed mi\u00f0b\u00e6num og er \u00feekkt kennileiti. Kirkjan er vins\u00e6ll tilbei\u00f0slusta\u00f0ur fyrir heimamenn og margir \u00edb\u00faar s\u00e6kja \u00fear messur og a\u00f0rar tr\u00faarlegar athafnir. Mar\u00eda Gu\u00f0s kirkja er \u00feekkt fyrir fallega byggingarlist, \u00fear \u00e1 me\u00f0al r\u00famg\u00f3\u00f0a innr\u00e9ttingu, fl\u00f3knar \u00fatskur\u00f0i og st\u00f3rkostlega lita\u00f0a glerglugga. Gestir kirkjunnar eru oft heilla\u00f0ir af fri\u00f0s\u00e6lu andr\u00famslofti hennar og kyrrl\u00e1tri fegur\u00f0. Auk tr\u00faarlegrar \u00fe\u00fd\u00f0ingar gegnir Mar\u00eda Gu\u00f0s kirkja einnig mikilv\u00e6gu hlutverki \u00ed menningar- og f\u00e9lagsl\u00edfi Tribunj. \u00dear eru haldnir fj\u00f6lbreyttir vi\u00f0bur\u00f0ir og athafnir allt \u00e1ri\u00f0, \u00fear \u00e1 me\u00f0al t\u00f3nleikar, s\u00fdningar og samf\u00e9lagssamkomur. Gestir Tribunj eru hvattir til a\u00f0 heims\u00e6kja Mar\u00eda Gu\u00f0s kirkju til a\u00f0 upplifa fegur\u00f0 hennar og \u00fe\u00fd\u00f0ingu fyrir sj\u00e1lfa sig. Hvort sem \u00fe\u00fa ert tr\u00faa\u00f0ur einstaklingur e\u00f0a hefur einfaldlega \u00e1huga \u00e1 menningu og s\u00f6gu heimamanna, \u00fe\u00e1 er \u00feessi kirkja \u00f3missandi \u00e1fangasta\u00f0ur \u00ed b\u00e6num.<\/li>\n\n\n\n<li>P\u00e1skar: \u00deessi h\u00e1t\u00ed\u00f0 er ein s\u00fa mikilv\u00e6gasta \u00ed kristna dagatalinu og markar upprisu Jes\u00fa Krists. \u00cd Tribunj eru p\u00e1skar haldnir me\u00f0 mikilli vir\u00f0ingu og fela \u00ed s\u00e9r margar tr\u00faarlegar athafnir og h\u00e1t\u00ed\u00f0ah\u00f6ld.<\/li>\n\n\n\n<li>J\u00f3l: \u00deessi h\u00e1t\u00ed\u00f0 markar f\u00e6\u00f0ingu Jes\u00fa Krists og er haldin h\u00e1t\u00ed\u00f0leg um allan heim, \u00fear \u00e1 me\u00f0al \u00ed Tribunj. \u00cd b\u00e6num eru yfirleitt haldnar messur, t\u00f3nleikar og a\u00f0rar tr\u00faarlegar athafnir.<\/li>\n<\/ol>\n\n\n\n<p>\u00deetta eru a\u00f0eins nokkrir af \u00feeim h\u00e1t\u00ed\u00f0um sem haldnir eru \u00ed Tribunj og dagskr\u00e1in og vi\u00f0bur\u00f0irnir geta veri\u00f0 mismunandi fr\u00e1 \u00e1ri til \u00e1rs. Mikilv\u00e6gt er a\u00f0 hafa \u00ed huga a\u00f0 \u00feessi listi er ekki t\u00e6mandi og a\u00f0rir h\u00e1t\u00ed\u00f0ir geta einnig veri\u00f0 haldnir \u00ed b\u00e6num.<\/p>","protected":false},"excerpt":{"rendered":"<p>Tribunj, as a Catholic town in Croatia, celebrates several Catholic holidays throughout the year. Some of the main holidays in Tribunj include: These are just some of the holidays celebrated in Tribunj, and the specific program and activities may vary from year to year. It is important to note that this list is not exhaustive, &hellip; <a href=\"https:\/\/www.tribunj.biz\/is\/2023\/02\/03\/some-of-the-important-holidays-in-tribunj\/\" class=\"more-link\">Haltu \u00e1fram a\u00f0 lesa<span class=\"screen-reader-text\"> &#8220;Some of the important holidays in Tribunj&#8221;<\/span><\/a><\/p>","protected":false},"author":1,"featured_media":713,"comment_status":"open","ping_status":"closed","sticky":false,"template":"","format":"standard","meta":{"advanced_seo_description":"","jetpack_seo_html_title":"","jetpack_seo_noindex":false,"_jetpack_memberships_contains_paid_content":false,"footnotes":""},"categories":[39],"tags":[130,38],"class_list":["post-13919","post","type-post","status-publish","format-standard","has-post-thumbnail","hentry","category-tribunj","tag-holidays","tag-tribunj"],"jetpack_featured_media_url":"https:\/\/www.tribunj.biz\/wp-content\/uploads\/2018\/04\/tribunj-85.jpg","jetpack_sharing_enabled":true,"jetpack_likes_enabled":true,"_links":{"self":[{"href":"https:\/\/www.tribunj.biz\/is\/wp-json\/wp\/v2\/posts\/13919","targetHints":{"allow":["GET"]}}],"collection":[{"href":"https:\/\/www.tribunj.biz\/is\/wp-json\/wp\/v2\/posts"}],"about":[{"href":"https:\/\/www.tribunj.biz\/is\/wp-json\/wp\/v2\/types\/post"}],"author":[{"embeddable":true,"href":"https:\/\/www.tribunj.biz\/is\/wp-json\/wp\/v2\/users\/1"}],"replies":[{"embeddable":true,"href":"https:\/\/www.tribunj.biz\/is\/wp-json\/wp\/v2\/comments?post=13919"}],"version-history":[{"count":0,"href":"https:\/\/www.tribunj.biz\/is\/wp-json\/wp\/v2\/posts\/13919\/revisions"}],"wp:featuredmedia":[{"embeddable":true,"href":"https:\/\/www.tribunj.biz\/is\/wp-json\/wp\/v2\/media\/713"}],"wp:attachment":[{"href":"https:\/\/www.tribunj.biz\/is\/wp-json\/wp\/v2\/media?parent=13919"}],"wp:term":[{"taxonomy":"category","embeddable":true,"href":"https:\/\/www.tribunj.biz\/is\/wp-json\/wp\/v2\/categories?post=13919"},{"taxonomy":"post_tag","embeddable":true,"href":"https:\/\/www.tribunj.biz\/is\/wp-json\/wp\/v2\/tags?post=13919"}],"curies":[{"name":"wp","href":"https:\/\/api.w.org\/{rel}","templated":true}]}}