{"id":13941,"date":"2023-02-03T16:41:25","date_gmt":"2023-02-03T15:41:25","guid":{"rendered":"https:\/\/www.tribunj.biz\/?p=13941"},"modified":"2023-02-03T16:41:27","modified_gmt":"2023-02-03T15:41:27","slug":"hvad-a-ad-sja-fyrst-i-sibenik-knin-syslu","status":"publish","type":"post","link":"https:\/\/www.tribunj.biz\/is\/2023\/02\/03\/what-to-see-first-in-sibenik-knin-county\/","title":{"rendered":"Hva\u00f0 er best a\u00f0 sj\u00e1 fyrst \u00ed \u0160ibenik-Knin s\u00fdslu?"},"content":{"rendered":"<p>\u0160ibenik-Knin s\u00fdsla er sv\u00e6\u00f0i \u00ed Kr\u00f3at\u00edu, \u00feekkt fyrir r\u00edka s\u00f6gu, st\u00f3rkostlega n\u00e1tt\u00farufegur\u00f0 og menningararf. Ef \u00fe\u00fa ert a\u00f0 skipuleggja heims\u00f3kn \u00e1 \u00feetta sv\u00e6\u00f0i, \u00fe\u00e1 eru h\u00e9r nokkrir sta\u00f0ir sem vert er a\u00f0 sko\u00f0a fyrst:<\/p>\n\n\n\n<ol class=\"wp-block-list\">\n<li>\u0160ibenik: Borgin \u0160ibenik er s\u00f6gufr\u00e6gur b\u00e6r sta\u00f0settur \u00e1 mi\u00f0str\u00f6nd Kr\u00f3at\u00edu. H\u00fan er \u00feekkt fyrir mi\u00f0aldab\u00e6inn sinn, s\u00f6gulegar kirkjur og kastala.<\/li>\n\n\n\n<li>\u00dej\u00f3\u00f0gar\u00f0urinn Krka: \u00deessi \u00fej\u00f3\u00f0gar\u00f0ur er sta\u00f0settur n\u00e1l\u00e6gt \u0160ibenik og \u00fear eru st\u00f3rkostlegir fossar, fallegar g\u00f6ngulei\u00f0ir og s\u00f6guleg klaustur.<\/li>\n\n\n\n<li>D\u00f3mkirkjan Sankti Jakobs: \u00deessi st\u00f3rkostlega d\u00f3mkirkja er sta\u00f0sett \u00ed hjarta \u0160ibenik og er \u00f3missandi fyrir \u00fe\u00e1 sem hafa \u00e1huga \u00e1 s\u00f6gu og byggingarlist.<\/li>\n\n\n\n<li>\u00dej\u00f3\u00f0gar\u00f0urinn Kornati: \u00deessi \u00fej\u00f3\u00f0gar\u00f0ur, sem er \u00fe\u00f6ktur eyjum, er sta\u00f0settur n\u00e1l\u00e6gt \u0160ibenik og er vins\u00e6ll \u00e1fangasta\u00f0ur fyrir b\u00e1taeigendur, g\u00f6nguf\u00f3lk og strandgesti.<\/li>\n\n\n\n<li>Zlarin: \u00deessi litla eyja er sta\u00f0sett n\u00e1l\u00e6gt \u0160ibenik og er \u00feekkt fyrir litr\u00edk heimili s\u00edn, st\u00f3rkostlegar strendur og l\u00edfleg k\u00f3ralrif.<\/li>\n<\/ol>\n\n\n\n<p>\u00deetta eru a\u00f0eins f\u00e1einir af m\u00f6rgum \u00e1hugaver\u00f0um st\u00f6\u00f0um sem vert er a\u00f0 sko\u00f0a \u00ed \u0160ibenik-Knin s\u00fdslu. Hvort sem \u00fe\u00fa hefur \u00e1huga \u00e1 s\u00f6gu, menningu e\u00f0a n\u00e1tt\u00faru, \u00fe\u00e1 er eitthva\u00f0 fyrir alla a\u00f0 nj\u00f3ta \u00ed \u00feessu sv\u00e6\u00f0i Kr\u00f3at\u00edu.<\/p>","protected":false},"excerpt":{"rendered":"<p>\u0160ibenik-Knin County is a region located in Croatia, known for its rich history, stunning natural beauty, and cultural heritage. If you&#8217;re planning a visit to this area, here are a few sights and attractions to consider visiting first: These are just a few of the many attractions to see in \u0160ibenik-Knin County. Whether you&#8217;re interested &hellip; <a href=\"https:\/\/www.tribunj.biz\/is\/2023\/02\/03\/what-to-see-first-in-sibenik-knin-county\/\" class=\"more-link\">Haltu \u00e1fram a\u00f0 lesa<span class=\"screen-reader-text\"> &#8220;What to see first in \u0160ibenik-Knin county&#8221;<\/span><\/a><\/p>","protected":false},"author":1,"featured_media":0,"comment_status":"open","ping_status":"closed","sticky":false,"template":"","format":"standard","meta":{"advanced_seo_description":"","jetpack_seo_html_title":"","jetpack_seo_noindex":false,"_jetpack_memberships_contains_paid_content":false,"footnotes":""},"categories":[100],"tags":[],"class_list":["post-13941","post","type-post","status-publish","format-standard","hentry","category-sibenik-county"],"jetpack_featured_media_url":"","jetpack_sharing_enabled":true,"jetpack_likes_enabled":true,"_links":{"self":[{"href":"https:\/\/www.tribunj.biz\/is\/wp-json\/wp\/v2\/posts\/13941","targetHints":{"allow":["GET"]}}],"collection":[{"href":"https:\/\/www.tribunj.biz\/is\/wp-json\/wp\/v2\/posts"}],"about":[{"href":"https:\/\/www.tribunj.biz\/is\/wp-json\/wp\/v2\/types\/post"}],"author":[{"embeddable":true,"href":"https:\/\/www.tribunj.biz\/is\/wp-json\/wp\/v2\/users\/1"}],"replies":[{"embeddable":true,"href":"https:\/\/www.tribunj.biz\/is\/wp-json\/wp\/v2\/comments?post=13941"}],"version-history":[{"count":0,"href":"https:\/\/www.tribunj.biz\/is\/wp-json\/wp\/v2\/posts\/13941\/revisions"}],"wp:attachment":[{"href":"https:\/\/www.tribunj.biz\/is\/wp-json\/wp\/v2\/media?parent=13941"}],"wp:term":[{"taxonomy":"category","embeddable":true,"href":"https:\/\/www.tribunj.biz\/is\/wp-json\/wp\/v2\/categories?post=13941"},{"taxonomy":"post_tag","embeddable":true,"href":"https:\/\/www.tribunj.biz\/is\/wp-json\/wp\/v2\/tags?post=13941"}],"curies":[{"name":"wp","href":"https:\/\/api.w.org\/{rel}","templated":true}]}}