{"id":14463,"date":"2023-04-12T09:04:09","date_gmt":"2023-04-12T07:04:09","guid":{"rendered":"https:\/\/www.tribunj.biz\/?p=14463"},"modified":"2023-04-12T09:04:11","modified_gmt":"2023-04-12T07:04:11","slug":"hvad-er-haegt-ad-gera-i-tribunj-utan-timabils","status":"publish","type":"post","link":"https:\/\/www.tribunj.biz\/is\/2023\/04\/12\/what-to-do-in-tribunj-off-season\/","title":{"rendered":"Hva\u00f0 er h\u00e6gt a\u00f0 gera \u00ed Tribunj utan t\u00edmabils"},"content":{"rendered":"<p>Tribunj er falleg strandb\u00e6r \u00ed Kr\u00f3at\u00edu sem b\u00fd\u00f0ur upp \u00e1 fj\u00f6lm\u00f6rg t\u00e6kif\u00e6ri til a\u00f0 sko\u00f0a og nj\u00f3ta \u00fativerunnar, jafnvel utan t\u00edmabils. H\u00e9r eru nokkrar hugmyndir a\u00f0 hlutum sem h\u00e6gt er a\u00f0 gera \u00ed Tribunj \u00feegar mannfj\u00f6ldinn er farinn:<\/p>\n\n\n\n<ol class=\"wp-block-list\">\n<li>Kanna\u00f0u gamla b\u00e6inn: Far\u00f0u \u00ed g\u00f6ngut\u00far um heillandi gamla b\u00e6inn Tribunj, sem st\u00e1tar af \u00fer\u00f6ngu, kr\u00f3k\u00f3ttu g\u00f6tum og hef\u00f0bundnum steinh\u00fasum.<\/li>\n\n\n\n<li>Heims\u00e6ktu kirkjuna Sankti Nikul\u00e1sar: \u00deessi st\u00f3rkostlega kirkja er fr\u00e1 15. \u00f6ld og st\u00e1tar af fallegum bj\u00f6lluturni og skrautlegu innr\u00e9ttingum.<\/li>\n\n\n\n<li>G\u00f6ngut\u00far me\u00f0fram sj\u00e1vars\u00ed\u00f0unni: Strandg\u00f6tan er fr\u00e1b\u00e6r sta\u00f0ur til a\u00f0 fara \u00ed r\u00f3lega g\u00f6ngut\u00far og nj\u00f3ta fallegs \u00fats\u00fdnis yfir str\u00f6ndina.<\/li>\n\n\n\n<li>Far\u00f0u \u00ed g\u00f6ngufer\u00f0ir: Sveitin \u00ed kring b\u00fd\u00f0ur upp \u00e1 fj\u00f6lm\u00f6rg t\u00e6kif\u00e6ri til g\u00f6ngufer\u00f0a og sko\u00f0unarfer\u00f0a, me\u00f0 fallegum g\u00f6ngulei\u00f0um sem liggja um \u00f3l\u00edfulundi, v\u00edngar\u00f0a og furusk\u00f3ga.<\/li>\n\n\n\n<li>Heims\u00e6ktu Krka-\u00fej\u00f3\u00f0gar\u00f0inn: Krka-\u00fej\u00f3\u00f0gar\u00f0urinn er \u00ed stuttri akstursfjarl\u00e6g\u00f0 fr\u00e1 Tribunj og er \u00f3missandi \u00e1fangasta\u00f0ur. Sko\u00f0a\u00f0u st\u00f3rkostlegu fossana, d\u00fdf\u00f0u \u00fe\u00e9r \u00ed kristalt\u00e6rri \u00e1nni og nj\u00f3ttu n\u00e1tt\u00farufegur\u00f0ar \u00feessa st\u00f3rkostlega gar\u00f0s.<\/li>\n\n\n\n<li>Pr\u00f3fa\u00f0u matarger\u00f0 heimamanna: Utanvert\u00ed\u00f0 er fr\u00e1b\u00e6r t\u00edmi til a\u00f0 smakka lj\u00faffenga matarger\u00f0 heimamanna \u00ed Tribunj, \u00fear sem margir veitingasta\u00f0ir bj\u00f3\u00f0a upp \u00e1 hef\u00f0bundna r\u00e9tti \u00far fersku hr\u00e1efni \u00far h\u00e9ra\u00f0i.<\/li>\n\n\n\n<li>Far\u00f0u \u00ed b\u00e1tsfer\u00f0: Leig\u00f0u b\u00e1t og sko\u00f0a\u00f0u n\u00e6rliggjandi eyjar og v\u00edkur og nj\u00f3ttu fri\u00f0s\u00e6ldar og kyrr\u00f0ar Adr\u00edahafsins.<\/li>\n<\/ol>\n\n\n\n<p>Almennt hefur Tribunj margt a\u00f0 bj\u00f3\u00f0a gestum, jafnvel utan t\u00edmabils, me\u00f0 st\u00f3rkostlegu landslagi, r\u00edkulegri menningararfi og t\u00e6kif\u00e6rum til \u00fativistar.<\/p>","protected":false},"excerpt":{"rendered":"<p>Tribunj is a beautiful coastal town in Croatia that offers plenty of opportunities to explore and enjoy the great outdoors, even during the off-season. Here are some ideas for things to do in Tribunj when the crowds have gone: Overall, Tribunj has plenty to offer visitors even during the off-season, with its stunning scenery, rich &hellip; <a href=\"https:\/\/www.tribunj.biz\/is\/2023\/04\/12\/what-to-do-in-tribunj-off-season\/\" class=\"more-link\">Haltu \u00e1fram a\u00f0 lesa<span class=\"screen-reader-text\"> &#8220;What to do in Tribunj off season&#8221;<\/span><\/a><\/p>","protected":false},"author":1,"featured_media":0,"comment_status":"open","ping_status":"closed","sticky":false,"template":"","format":"standard","meta":{"advanced_seo_description":"","jetpack_seo_html_title":"","jetpack_seo_noindex":false,"_jetpack_memberships_contains_paid_content":false,"footnotes":""},"categories":[100],"tags":[],"class_list":["post-14463","post","type-post","status-publish","format-standard","hentry","category-sibenik-county"],"jetpack_featured_media_url":"","jetpack_sharing_enabled":true,"jetpack_likes_enabled":true,"_links":{"self":[{"href":"https:\/\/www.tribunj.biz\/is\/wp-json\/wp\/v2\/posts\/14463","targetHints":{"allow":["GET"]}}],"collection":[{"href":"https:\/\/www.tribunj.biz\/is\/wp-json\/wp\/v2\/posts"}],"about":[{"href":"https:\/\/www.tribunj.biz\/is\/wp-json\/wp\/v2\/types\/post"}],"author":[{"embeddable":true,"href":"https:\/\/www.tribunj.biz\/is\/wp-json\/wp\/v2\/users\/1"}],"replies":[{"embeddable":true,"href":"https:\/\/www.tribunj.biz\/is\/wp-json\/wp\/v2\/comments?post=14463"}],"version-history":[{"count":0,"href":"https:\/\/www.tribunj.biz\/is\/wp-json\/wp\/v2\/posts\/14463\/revisions"}],"wp:attachment":[{"href":"https:\/\/www.tribunj.biz\/is\/wp-json\/wp\/v2\/media?parent=14463"}],"wp:term":[{"taxonomy":"category","embeddable":true,"href":"https:\/\/www.tribunj.biz\/is\/wp-json\/wp\/v2\/categories?post=14463"},{"taxonomy":"post_tag","embeddable":true,"href":"https:\/\/www.tribunj.biz\/is\/wp-json\/wp\/v2\/tags?post=14463"}],"curies":[{"name":"wp","href":"https:\/\/api.w.org\/{rel}","templated":true}]}}