{"id":14764,"date":"2023-06-06T11:24:07","date_gmt":"2023-06-06T09:24:07","guid":{"rendered":"https:\/\/www.tribunj.biz\/?p=14764"},"modified":"2023-06-06T11:24:10","modified_gmt":"2023-06-06T09:24:10","slug":"sjavarhiti-i-tribunj","status":"publish","type":"post","link":"https:\/\/www.tribunj.biz\/is\/2023\/06\/06\/sea-temperatures-in-tribunj\/","title":{"rendered":"Sj\u00e1varhiti \u00ed Tribunj"},"content":{"rendered":"<p>Sj\u00e1varhitinn \u00ed Tribunj getur veri\u00f0 breytilegur eftir \u00e1rst\u00edma. H\u00e9r er yfirlit yfir me\u00f0alsj\u00e1varhita \u00ed Tribunj allt \u00e1ri\u00f0:<\/p>\n\n\n\n<ul class=\"wp-block-list\">\n<li>Vetrarm\u00e1nu\u00f0irnir (desember til febr\u00faar): Sj\u00e1varhitinn \u00ed Tribunj \u00e1 veturna er almennt \u00e1 bilinu 13\u00b0C til 15\u00b0C. \u00deetta hitastig er frekar kaldara og ekki hentugt til sunds.<\/li>\n\n\n\n<li>Vorm\u00e1nu\u00f0irnir (mars til ma\u00ed): \u00c1 vorin byrjar sj\u00f3rinn sm\u00e1m saman a\u00f0 hl\u00fdna. Sj\u00e1varhitinn \u00ed Tribunj \u00e1 \u00feessu t\u00edmabili er \u00e1 bilinu um 15\u00b0C til 18\u00b0C. \u00de\u00f3 a\u00f0 \u00fea\u00f0 geti veri\u00f0 of kalt fyrir suma, \u00fe\u00e1 finnst sumum \u00fe\u00e6gilegt a\u00f0 fara \u00ed stutta sundsprett e\u00f0a stunda vatna\u00ed\u00fer\u00f3ttir.<\/li>\n\n\n\n<li>Sumarm\u00e1nu\u00f0irnir (j\u00fan\u00ed til \u00e1g\u00fast): Sumari\u00f0 er h\u00e1t\u00edminn fyrir fer\u00f0amenn \u00ed Tribunj og sj\u00e1varhitinn er h\u00e6stur. \u00c1 \u00feessum t\u00edma er sj\u00e1varhitinn yfirleitt \u00e1 bilinu 21\u00b0C (70\u00b0F) og 24\u00b0C (75\u00b0F), sem gerir \u00fea\u00f0 tilvali\u00f0 til sunds og \u00fdmissa vatna\u00ed\u00fer\u00f3tta.<\/li>\n\n\n\n<li>Haustm\u00e1nu\u00f0irnir (september til n\u00f3vember): \u00deegar sumari\u00f0 f\u00e6rist yfir \u00ed haust fer sj\u00e1varhitinn sm\u00e1m saman a\u00f0 k\u00f3lna. \u00cd september er sj\u00e1varhitinn \u00ed Tribunj enn tilt\u00f6lulega hl\u00fdr, \u00e1 bilinu 22\u00b0C til 24\u00b0C. \u00cd n\u00f3vember l\u00e6kkar sj\u00e1varhitinn aftur ni\u00f0ur \u00ed um 16\u00b0C til 18\u00b0C.<\/li>\n<\/ul>\n\n\n\n<p>Haf\u00f0u \u00ed huga a\u00f0 \u00feetta eru me\u00f0alhitar sj\u00e1var og raunverulegur hiti getur veri\u00f0 breytilegur fr\u00e1 \u00e1ri til \u00e1rs. \u00dea\u00f0 er alltaf g\u00f3\u00f0 hugmynd a\u00f0 athuga ve\u00f0ursp\u00e1 \u00e1 sta\u00f0num e\u00f0a r\u00e1\u00f0f\u00e6ra sig vi\u00f0 yfirv\u00f6ld \u00e1 sta\u00f0num til a\u00f0 f\u00e1 n\u00fdjustu uppl\u00fdsingar um hitastig sj\u00e1var \u00e1\u00f0ur en skipuleggja \u00fearf vatns\u00ed\u00fer\u00f3ttir.<\/p>","protected":false},"excerpt":{"rendered":"<p>The sea temperature in Tribunj can vary depending on the time of year. Here&#8217;s an overview of average sea temperatures in Tribunj throughout the year: Keep in mind that these are average sea temperatures, and actual temperatures can vary from year to year. It&#8217;s always a good idea to check the local weather forecast or &hellip; <a href=\"https:\/\/www.tribunj.biz\/is\/2023\/06\/06\/sea-temperatures-in-tribunj\/\" class=\"more-link\">Haltu \u00e1fram a\u00f0 lesa<span class=\"screen-reader-text\"> &#8220;Sea temperatures in Tribunj&#8221;<\/span><\/a><\/p>","protected":false},"author":1,"featured_media":0,"comment_status":"open","ping_status":"closed","sticky":false,"template":"","format":"standard","meta":{"advanced_seo_description":"","jetpack_seo_html_title":"","jetpack_seo_noindex":false,"_jetpack_memberships_contains_paid_content":false,"footnotes":""},"categories":[100],"tags":[],"class_list":["post-14764","post","type-post","status-publish","format-standard","hentry","category-sibenik-county"],"jetpack_featured_media_url":"","jetpack_sharing_enabled":true,"jetpack_likes_enabled":true,"_links":{"self":[{"href":"https:\/\/www.tribunj.biz\/is\/wp-json\/wp\/v2\/posts\/14764","targetHints":{"allow":["GET"]}}],"collection":[{"href":"https:\/\/www.tribunj.biz\/is\/wp-json\/wp\/v2\/posts"}],"about":[{"href":"https:\/\/www.tribunj.biz\/is\/wp-json\/wp\/v2\/types\/post"}],"author":[{"embeddable":true,"href":"https:\/\/www.tribunj.biz\/is\/wp-json\/wp\/v2\/users\/1"}],"replies":[{"embeddable":true,"href":"https:\/\/www.tribunj.biz\/is\/wp-json\/wp\/v2\/comments?post=14764"}],"version-history":[{"count":0,"href":"https:\/\/www.tribunj.biz\/is\/wp-json\/wp\/v2\/posts\/14764\/revisions"}],"wp:attachment":[{"href":"https:\/\/www.tribunj.biz\/is\/wp-json\/wp\/v2\/media?parent=14764"}],"wp:term":[{"taxonomy":"category","embeddable":true,"href":"https:\/\/www.tribunj.biz\/is\/wp-json\/wp\/v2\/categories?post=14764"},{"taxonomy":"post_tag","embeddable":true,"href":"https:\/\/www.tribunj.biz\/is\/wp-json\/wp\/v2\/tags?post=14764"}],"curies":[{"name":"wp","href":"https:\/\/api.w.org\/{rel}","templated":true}]}}