{"id":10116,"date":"2021-06-24T10:20:40","date_gmt":"2021-06-24T08:20:40","guid":{"rendered":"https:\/\/www.tribunj.biz\/?p=10116"},"modified":"2023-01-28T23:08:13","modified_gmt":"2023-01-28T22:08:13","slug":"informasjon-om-de-ulike-tiltakene-som-er-pa-plass-inkludert-karantene-og-testkrav-for-reisende","status":"publish","type":"post","link":"https:\/\/www.tribunj.biz\/nb\/2021\/06\/24\/information-on-the-various-measures-in-place-including-on-quarantine-and-testing-requirements-for-travelers\/","title":{"rendered":"Informasjon om de ulike tiltakene som er p\u00e5 plass, inkludert karantene og testkrav for reisende"},"content":{"rendered":"<p>\u00a0Informasjonen oppdateres ofte og er tilgjengelig p\u00e5 24 spr\u00e5k. Dette skal hjelpe deg med \u00e5 planlegge reisen din i Europa, samtidig som du holder deg trygg og frisk. EU-landene har blitt enige om en koordinert tiln\u00e6rming til begrensninger av fri bevegelighet som f\u00f8lge av koronaviruspandemien. Dette inkluderer en fargekode for klassifisering av regioner, basert p\u00e5 den epidemiologiske situasjonen der.<\/p>\n\n\n\n<p><a href=\"https:\/\/reopen.europa.eu\/en\/\">https:\/\/reopen.europa.eu\/en\/<\/a><\/p>","protected":false},"excerpt":{"rendered":"<p>\u00a0The information is updated frequently and available in 24 languages. This should help you plan your travel in Europe, while staying safe and healthy. EU countries have agreed on a coordinated approach to the restriction of free movement in response to the coronavirus pandemic. This includes a colour code for the classification of regions, based &hellip; <a href=\"https:\/\/www.tribunj.biz\/nb\/2021\/06\/24\/information-on-the-various-measures-in-place-including-on-quarantine-and-testing-requirements-for-travelers\/\" class=\"more-link\">Fortsett \u00e5 lese<span class=\"screen-reader-text\"> &#8220;Information on the various measures in place, including on quarantine and testing requirements for travelers&#8221;<\/span><\/a><\/p>","protected":false},"author":1,"featured_media":0,"comment_status":"closed","ping_status":"closed","sticky":false,"template":"","format":"standard","meta":{"advanced_seo_description":"","jetpack_seo_html_title":"","jetpack_seo_noindex":false,"_jetpack_memberships_contains_paid_content":false,"footnotes":""},"categories":[100],"tags":[],"class_list":["post-10116","post","type-post","status-publish","format-standard","hentry","category-sibenik-county"],"jetpack_featured_media_url":"","jetpack_sharing_enabled":true,"jetpack_likes_enabled":true,"_links":{"self":[{"href":"https:\/\/www.tribunj.biz\/nb\/wp-json\/wp\/v2\/posts\/10116","targetHints":{"allow":["GET"]}}],"collection":[{"href":"https:\/\/www.tribunj.biz\/nb\/wp-json\/wp\/v2\/posts"}],"about":[{"href":"https:\/\/www.tribunj.biz\/nb\/wp-json\/wp\/v2\/types\/post"}],"author":[{"embeddable":true,"href":"https:\/\/www.tribunj.biz\/nb\/wp-json\/wp\/v2\/users\/1"}],"replies":[{"embeddable":true,"href":"https:\/\/www.tribunj.biz\/nb\/wp-json\/wp\/v2\/comments?post=10116"}],"version-history":[{"count":0,"href":"https:\/\/www.tribunj.biz\/nb\/wp-json\/wp\/v2\/posts\/10116\/revisions"}],"wp:attachment":[{"href":"https:\/\/www.tribunj.biz\/nb\/wp-json\/wp\/v2\/media?parent=10116"}],"wp:term":[{"taxonomy":"category","embeddable":true,"href":"https:\/\/www.tribunj.biz\/nb\/wp-json\/wp\/v2\/categories?post=10116"},{"taxonomy":"post_tag","embeddable":true,"href":"https:\/\/www.tribunj.biz\/nb\/wp-json\/wp\/v2\/tags?post=10116"}],"curies":[{"name":"wp","href":"https:\/\/api.w.org\/{rel}","templated":true}]}}