{"id":13919,"date":"2023-02-03T14:49:16","date_gmt":"2023-02-03T13:49:16","guid":{"rendered":"https:\/\/www.tribunj.biz\/?p=13919"},"modified":"2023-02-03T14:49:19","modified_gmt":"2023-02-03T13:49:19","slug":"noen-av-de-viktige-hoytidene-i-tribunj","status":"publish","type":"post","link":"https:\/\/www.tribunj.biz\/nb\/2023\/02\/03\/some-of-the-important-holidays-in-tribunj\/","title":{"rendered":"Noen av de viktige h\u00f8ytidene i Tribunj"},"content":{"rendered":"<p>Tribunj, som en katolsk by i Kroatia, feirer flere katolske h\u00f8ytider gjennom \u00e5ret. Noen av de viktigste h\u00f8ytidene i Tribunj inkluderer:<\/p>\n\n\n\n<ol class=\"wp-block-list\">\n<li>St. Nikolasdag: Denne festdagen holdes til \u00e6re for byens skytshelgen og inkluderer vanligvis prosesjoner, b\u00f8nner og andre religi\u00f8se seremonier.<\/li>\n\n\n\n<li>St. Ante-dagen<\/li>\n\n\n\n<li>V\u00e5r Frue \u2013 V\u00e5r Frue-kirken i Tribunj, Kroatia, er en katolsk kirke viet til Jomfru Maria. Den ligger i sentrum av byen og er et kjent landemerke. Kirken er et popul\u00e6rt gudshus for lokalsamfunnet, og mange innbyggere deltar p\u00e5 messer og andre religi\u00f8se tjenester der. V\u00e5r Frue-kirken er kjent for sin vakre arkitektur, inkludert det romslige interi\u00f8ret, intrikate utskj\u00e6ringene og de fantastiske glassmaleriene. Bes\u00f8kende til kirken blir ofte imponert over den fredelige atmosf\u00e6ren og den rolige skj\u00f8nnheten. I tillegg til sin religi\u00f8se betydning spiller V\u00e5r Frue-kirken ogs\u00e5 en viktig rolle i det kulturelle og sosiale livet i Tribunj. Den arrangerer en rekke arrangementer og aktiviteter gjennom hele \u00e5ret, inkludert konserter, utstillinger og samfunnssamlinger. Bes\u00f8kende til Tribunj oppfordres til \u00e5 bes\u00f8ke V\u00e5r Frue-kirken for \u00e5 oppleve dens skj\u00f8nnhet og betydning for seg selv. Enten du er en religi\u00f8s person eller bare er interessert i lokal kultur og historie, er denne kirken et must-see-m\u00e5l i byen.<\/li>\n\n\n\n<li>P\u00e5ske: Denne h\u00f8ytiden er en av de viktigste i den kristne kalenderen og markerer Jesu Kristi oppstandelse. I Tribunj feires p\u00e5sken med stor \u00e6rb\u00f8dighet og inkluderer mange religi\u00f8se tjenester og feiringer.<\/li>\n\n\n\n<li>Jul: Denne h\u00f8ytiden markerer Jesu Kristi f\u00f8dsel og feires over hele verden, inkludert i Tribunj. Byen holder vanligvis messer, konserter og andre religi\u00f8se aktiviteter.<\/li>\n<\/ol>\n\n\n\n<p>Dette er bare noen av h\u00f8ytidene som feires i Tribunj, og det spesifikke programmet og aktivitetene kan variere fra \u00e5r til \u00e5r. Det er viktig \u00e5 merke seg at denne listen ikke er utt\u00f8mmende, og det kan ogs\u00e5 v\u00e6re andre h\u00f8ytider som feires i byen.<\/p>","protected":false},"excerpt":{"rendered":"<p>Tribunj, as a Catholic town in Croatia, celebrates several Catholic holidays throughout the year. Some of the main holidays in Tribunj include: These are just some of the holidays celebrated in Tribunj, and the specific program and activities may vary from year to year. It is important to note that this list is not exhaustive, &hellip; <a href=\"https:\/\/www.tribunj.biz\/nb\/2023\/02\/03\/some-of-the-important-holidays-in-tribunj\/\" class=\"more-link\">Fortsett \u00e5 lese<span class=\"screen-reader-text\"> &#8220;Some of the important holidays in Tribunj&#8221;<\/span><\/a><\/p>","protected":false},"author":1,"featured_media":713,"comment_status":"open","ping_status":"closed","sticky":false,"template":"","format":"standard","meta":{"advanced_seo_description":"","jetpack_seo_html_title":"","jetpack_seo_noindex":false,"_jetpack_memberships_contains_paid_content":false,"footnotes":""},"categories":[39],"tags":[130,38],"class_list":["post-13919","post","type-post","status-publish","format-standard","has-post-thumbnail","hentry","category-tribunj","tag-holidays","tag-tribunj"],"jetpack_featured_media_url":"https:\/\/www.tribunj.biz\/wp-content\/uploads\/2018\/04\/tribunj-85.jpg","jetpack_sharing_enabled":true,"jetpack_likes_enabled":true,"_links":{"self":[{"href":"https:\/\/www.tribunj.biz\/nb\/wp-json\/wp\/v2\/posts\/13919","targetHints":{"allow":["GET"]}}],"collection":[{"href":"https:\/\/www.tribunj.biz\/nb\/wp-json\/wp\/v2\/posts"}],"about":[{"href":"https:\/\/www.tribunj.biz\/nb\/wp-json\/wp\/v2\/types\/post"}],"author":[{"embeddable":true,"href":"https:\/\/www.tribunj.biz\/nb\/wp-json\/wp\/v2\/users\/1"}],"replies":[{"embeddable":true,"href":"https:\/\/www.tribunj.biz\/nb\/wp-json\/wp\/v2\/comments?post=13919"}],"version-history":[{"count":0,"href":"https:\/\/www.tribunj.biz\/nb\/wp-json\/wp\/v2\/posts\/13919\/revisions"}],"wp:featuredmedia":[{"embeddable":true,"href":"https:\/\/www.tribunj.biz\/nb\/wp-json\/wp\/v2\/media\/713"}],"wp:attachment":[{"href":"https:\/\/www.tribunj.biz\/nb\/wp-json\/wp\/v2\/media?parent=13919"}],"wp:term":[{"taxonomy":"category","embeddable":true,"href":"https:\/\/www.tribunj.biz\/nb\/wp-json\/wp\/v2\/categories?post=13919"},{"taxonomy":"post_tag","embeddable":true,"href":"https:\/\/www.tribunj.biz\/nb\/wp-json\/wp\/v2\/tags?post=13919"}],"curies":[{"name":"wp","href":"https:\/\/api.w.org\/{rel}","templated":true}]}}