{"id":8780,"date":"2020-05-23T12:24:25","date_gmt":"2020-05-23T10:24:25","guid":{"rendered":"https:\/\/www.tribunj.biz\/?p=8780"},"modified":"2023-01-28T23:08:45","modified_gmt":"2023-01-28T22:08:45","slug":"atualizacao-sobre-a-covid-19-na-croacia","status":"publish","type":"post","link":"https:\/\/www.tribunj.biz\/pt_pt\/2020\/05\/23\/covid-19-update-for-croatia\/","title":{"rendered":"Atualiza\u00e7\u00e3o sobre a Covid-19 na Cro\u00e1cia"},"content":{"rendered":"<p><strong>\u00c9 seguro viajar para a Cro\u00e1cia?<\/strong> <strong>Entrada na Rep\u00fablica da Cro\u00e1cia para cidad\u00e3os estrangeiros<\/strong>. <strong>Sou cidad\u00e3o de um Estado-Membro da UE\/EEE e reservei alojamento tur\u00edstico na Rep\u00fablica da Cro\u00e1cia. Que documentos preciso para entrar na Rep\u00fablica da Cro\u00e1cia?<\/strong> <strong>As fronteiras est\u00e3o abertas?<\/strong> <strong>Existem voos para a Cro\u00e1cia?<\/strong> <strong>Existem voos dom\u00e9sticos operando dentro da Cro\u00e1cia?<\/strong> <strong>Os hot\u00e9is est\u00e3o atualmente em funcionamento na Cro\u00e1cia? Caso contr\u00e1rio, quando se prev\u00ea a reabertura de hot\u00e9is, campings e outros tipos de alojamento?<\/strong> <strong>Os restaurantes est\u00e3o abertos?<\/strong> <strong>As praias, parques e instala\u00e7\u00f5es recreativas ao ar livre est\u00e3o abertos?<\/strong> <strong>\u00c9 permitido que embarca\u00e7\u00f5es privadas entrem em \u00e1guas croatas e\/ou atraquem na Cro\u00e1cia? Qual \u00e9 a situa\u00e7\u00e3o do turismo n\u00e1utico?<\/strong> <strong>Existe transporte p\u00fablico dispon\u00edvel na Cro\u00e1cia? Dentro de v\u00e1rias cidades e regi\u00f5es, ou para diferentes locais entre elas.<\/strong> <strong>Existe transporte de passageiros e\/ou servi\u00e7o p\u00fablico de ferry dispon\u00edvel para as ilhas croatas?<\/strong> <strong>Em tr\u00e2nsito pela Cro\u00e1cia<\/strong>\u2026<\/p>\n\n\n\n<p>Leia mais sobre essas quest\u00f5es relacionadas ao coronav\u00edrus aqui:<\/p>\n\n\n\n<p class=\"has-text-color has-primary-color\"><a href=\"https:\/\/croatia.hr\/en-GB\/coronavirus-2019-ncov-q-and-a\" target=\"_blank\" rel=\"noreferrer noopener\">https:\/\/croatia.hr\/en-GB\/coronavirus-2019-ncov-q-and-a<\/a><\/p>\n\n\n\n<p class=\"has-text-color has-primary-color\"><a href=\"https:\/\/eu2020.hr\/Home\/OneNews?id=184\" target=\"_blank\" rel=\"noreferrer noopener\">https:\/\/eu2020.hr\/Home\/OneNews?id=184<\/a><\/p>","protected":false},"excerpt":{"rendered":"<p>Is it safe to travel to Croatia? Entry into the Republic of Croatia for foreign citizens. I am a citizen of a Member State of the EU\/EEA and I have booked tourist accommodation in the Republic of Croatia. What documents do I need to have to enter the Republic of Croatia? Are the borders open? &hellip; <a href=\"https:\/\/www.tribunj.biz\/pt_pt\/2020\/05\/23\/covid-19-update-for-croatia\/\" class=\"more-link\">Continue reading<span class=\"screen-reader-text\"> &#8220;Covid-19 update for Croatia&#8221;<\/span><\/a><\/p>","protected":false},"author":1,"featured_media":0,"comment_status":"closed","ping_status":"closed","sticky":false,"template":"","format":"standard","meta":{"advanced_seo_description":"","jetpack_seo_html_title":"","jetpack_seo_noindex":false,"_jetpack_memberships_contains_paid_content":false,"footnotes":""},"categories":[100],"tags":[106,105,108,107,104,103,38],"class_list":["post-8780","post","type-post","status-publish","format-standard","hentry","category-sibenik-county","tag-corona","tag-corona-croatia","tag-corona-tribunj","tag-covid","tag-covid-19","tag-covid-19-update","tag-tribunj"],"jetpack_featured_media_url":"","jetpack_sharing_enabled":true,"jetpack_likes_enabled":true,"_links":{"self":[{"href":"https:\/\/www.tribunj.biz\/pt_pt\/wp-json\/wp\/v2\/posts\/8780","targetHints":{"allow":["GET"]}}],"collection":[{"href":"https:\/\/www.tribunj.biz\/pt_pt\/wp-json\/wp\/v2\/posts"}],"about":[{"href":"https:\/\/www.tribunj.biz\/pt_pt\/wp-json\/wp\/v2\/types\/post"}],"author":[{"embeddable":true,"href":"https:\/\/www.tribunj.biz\/pt_pt\/wp-json\/wp\/v2\/users\/1"}],"replies":[{"embeddable":true,"href":"https:\/\/www.tribunj.biz\/pt_pt\/wp-json\/wp\/v2\/comments?post=8780"}],"version-history":[{"count":0,"href":"https:\/\/www.tribunj.biz\/pt_pt\/wp-json\/wp\/v2\/posts\/8780\/revisions"}],"wp:attachment":[{"href":"https:\/\/www.tribunj.biz\/pt_pt\/wp-json\/wp\/v2\/media?parent=8780"}],"wp:term":[{"taxonomy":"category","embeddable":true,"href":"https:\/\/www.tribunj.biz\/pt_pt\/wp-json\/wp\/v2\/categories?post=8780"},{"taxonomy":"post_tag","embeddable":true,"href":"https:\/\/www.tribunj.biz\/pt_pt\/wp-json\/wp\/v2\/tags?post=8780"}],"curies":[{"name":"wp","href":"https:\/\/api.w.org\/{rel}","templated":true}]}}