{"id":9990,"date":"2021-04-14T15:14:56","date_gmt":"2021-04-14T13:14:56","guid":{"rendered":"https:\/\/www.tribunj.biz\/?p=9990"},"modified":"2023-01-28T23:08:13","modified_gmt":"2023-01-28T22:08:13","slug":"oliveiras","status":"publish","type":"post","link":"https:\/\/www.tribunj.biz\/pt_pt\/2021\/04\/14\/olive-trees\/","title":{"rendered":"Oliveiras"},"content":{"rendered":"<p>Seja fruta ou legume, \u00e9 ineg\u00e1vel: a azeitona \u00e9 um alimento m\u00e1gico. Apesar de provir de solos pouco f\u00e9rteis, oferece uma infinidade de possibilidades culin\u00e1rias. Al\u00e9m do azeite, \u00e9 um ingrediente muito utilizado na gastronomia \u2013 como aperitivo frio, em saladas ou como ingrediente em molhos, carnes e peixes. O fato de a dieta mediterr\u00e2nea estar inscrita na lista do patrim\u00f4nio imaterial da UNESCO atesta a qualidade deste alimento. Os benef\u00edcios do azeite s\u00e3o in\u00fameros, por isso, nada melhor do que rumar para a costa croata e explorar toda a magia das azeitonas e do azeite. Conhe\u00e7a o ouro l\u00edquido do Mediterr\u00e2neo\u2026 <a href=\"https:\/\/feeds.croatia.hr\/en\/have-you-met-the-amazing-virgins-of-the-mediterranean\/\" target=\"_blank\" rel=\"noreferrer noopener\">https:\/\/feeds.croatia.hr\/en\/have-you-met-the-amazing-virgins-of-the-mediterranean\/<\/a><\/p>","protected":false},"excerpt":{"rendered":"<p>Whether you classify it as a fruit or a vegetable, you have to admit \u2013 the olive is a magical food. Although it stems from scanty soil, it can still be used in an abundance of ways. Besides giving us oil, it is most commonly used in cuisine \u2013 as a cold appetizer alone or &hellip; <a href=\"https:\/\/www.tribunj.biz\/pt_pt\/2021\/04\/14\/olive-trees\/\" class=\"more-link\">Continue reading<span class=\"screen-reader-text\"> &#8220;Olive trees&#8221;<\/span><\/a><\/p>","protected":false},"author":1,"featured_media":9991,"comment_status":"closed","ping_status":"closed","sticky":false,"template":"","format":"standard","meta":{"advanced_seo_description":"","jetpack_seo_html_title":"","jetpack_seo_noindex":false,"_jetpack_memberships_contains_paid_content":false,"footnotes":""},"categories":[124,100,39],"tags":[],"class_list":["post-9990","post","type-post","status-publish","format-standard","has-post-thumbnail","hentry","category-croatia","category-sibenik-county","category-tribunj"],"jetpack_featured_media_url":"https:\/\/www.tribunj.biz\/wp-content\/uploads\/2021\/04\/HTZ-2016-Croatia-Feeds-naslovna-fotka-za-clanak-Masline-1.0-1920x620-1.jpg","jetpack_sharing_enabled":true,"jetpack_likes_enabled":true,"_links":{"self":[{"href":"https:\/\/www.tribunj.biz\/pt_pt\/wp-json\/wp\/v2\/posts\/9990","targetHints":{"allow":["GET"]}}],"collection":[{"href":"https:\/\/www.tribunj.biz\/pt_pt\/wp-json\/wp\/v2\/posts"}],"about":[{"href":"https:\/\/www.tribunj.biz\/pt_pt\/wp-json\/wp\/v2\/types\/post"}],"author":[{"embeddable":true,"href":"https:\/\/www.tribunj.biz\/pt_pt\/wp-json\/wp\/v2\/users\/1"}],"replies":[{"embeddable":true,"href":"https:\/\/www.tribunj.biz\/pt_pt\/wp-json\/wp\/v2\/comments?post=9990"}],"version-history":[{"count":0,"href":"https:\/\/www.tribunj.biz\/pt_pt\/wp-json\/wp\/v2\/posts\/9990\/revisions"}],"wp:featuredmedia":[{"embeddable":true,"href":"https:\/\/www.tribunj.biz\/pt_pt\/wp-json\/wp\/v2\/media\/9991"}],"wp:attachment":[{"href":"https:\/\/www.tribunj.biz\/pt_pt\/wp-json\/wp\/v2\/media?parent=9990"}],"wp:term":[{"taxonomy":"category","embeddable":true,"href":"https:\/\/www.tribunj.biz\/pt_pt\/wp-json\/wp\/v2\/categories?post=9990"},{"taxonomy":"post_tag","embeddable":true,"href":"https:\/\/www.tribunj.biz\/pt_pt\/wp-json\/wp\/v2\/tags?post=9990"}],"curies":[{"name":"wp","href":"https:\/\/api.w.org\/{rel}","templated":true}]}}