{"id":9990,"date":"2021-04-14T15:14:56","date_gmt":"2021-04-14T13:14:56","guid":{"rendered":"https:\/\/www.tribunj.biz\/?p=9990"},"modified":"2023-01-28T23:08:13","modified_gmt":"2023-01-28T22:08:13","slug":"olivovniky","status":"publish","type":"post","link":"https:\/\/www.tribunj.biz\/sk\/2021\/04\/14\/olive-trees\/","title":{"rendered":"Olivovn\u00edky"},"content":{"rendered":"<p>\u010ci u\u017e ho klasifikujete ako ovocie alebo zeleninu, mus\u00edte uzna\u0165 - oliva je \u010darovn\u00e9 jedlo. Aj ke\u010f poch\u00e1dza zo sporej p\u00f4dy, d\u00e1 sa st\u00e1le pou\u017e\u00edva\u0165 na mno\u017estvo sp\u00f4sobov. Okrem toho, \u017ee n\u00e1m d\u00e1va olej, najbe\u017enej\u0161ie sa pou\u017e\u00edva v kuchyni - ako studen\u00e9 predjedlo samotn\u00e9 alebo do \u0161al\u00e1tov alebo ako pr\u00edsada do om\u00e1\u010dok, m\u00e4sa a r\u00fdb. Skuto\u010dnos\u0165, \u017ee stredomorsk\u00e1 strava je zap\u00edsan\u00e1 na zozname nehmotn\u00e9ho dedi\u010dstva UNESCO, navy\u0161e hovor\u00ed o kvalite tohto jedla. Olivov\u00fd olej m\u00e1 ve\u013ea v\u00fdhod, a preto je najlep\u0161ie zvoli\u0165 si cestu k chorv\u00e1tskemu pobre\u017eiu a presk\u00fama\u0165 v\u0161etko \u010daro ol\u00edv a olivov\u00e9ho oleja. Spoznajte tekut\u00e9 zlato Stredomoria ... <a href=\"https:\/\/feeds.croatia.hr\/en\/have-you-met-the-amazing-virgins-of-the-mediterranean\/\" target=\"_blank\" rel=\"noreferrer noopener\">https:\/\/feeds.croatia.hr\/en\/have-you-met-the-amazing-virgins-of-the-mediterranean\/<\/a><\/p>","protected":false},"excerpt":{"rendered":"<p>\u010ci u\u017e ju zara\u010fujete medzi ovocie alebo zeleninu, mus\u00edte uzna\u0165 \u2013 oliva je magick\u00e1 potravina. Hoci poch\u00e1dza z ne\u00farodnej p\u00f4dy, st\u00e1le sa d\u00e1 vyu\u017ei\u0165 mnoh\u00fdmi sp\u00f4sobmi. Okrem toho, \u017ee n\u00e1m dod\u00e1va olej, sa naj\u010dastej\u0161ie pou\u017e\u00edva v kuchyni \u2013 ako samostatn\u00fd studen\u00fd predjedlo alebo\u2026 <a href=\"https:\/\/www.tribunj.biz\/sk\/2021\/04\/14\/olive-trees\/\" class=\"more-link\">Pokra\u010dova\u0165 v \u010d\u00edtan\u00ed<span class=\"screen-reader-text\"> \u201eOlivovn\u00edky\u201c<\/span><\/a><\/p>","protected":false},"author":1,"featured_media":9991,"comment_status":"closed","ping_status":"closed","sticky":false,"template":"","format":"standard","meta":{"advanced_seo_description":"","jetpack_seo_html_title":"","jetpack_seo_noindex":false,"_jetpack_memberships_contains_paid_content":false,"footnotes":""},"categories":[124,100,39],"tags":[],"class_list":["post-9990","post","type-post","status-publish","format-standard","has-post-thumbnail","hentry","category-croatia","category-sibenik-county","category-tribunj"],"jetpack_featured_media_url":"https:\/\/www.tribunj.biz\/wp-content\/uploads\/2021\/04\/HTZ-2016-Croatia-Feeds-naslovna-fotka-za-clanak-Masline-1.0-1920x620-1.jpg","jetpack_sharing_enabled":true,"jetpack_likes_enabled":true,"_links":{"self":[{"href":"https:\/\/www.tribunj.biz\/sk\/wp-json\/wp\/v2\/posts\/9990","targetHints":{"allow":["GET"]}}],"collection":[{"href":"https:\/\/www.tribunj.biz\/sk\/wp-json\/wp\/v2\/posts"}],"about":[{"href":"https:\/\/www.tribunj.biz\/sk\/wp-json\/wp\/v2\/types\/post"}],"author":[{"embeddable":true,"href":"https:\/\/www.tribunj.biz\/sk\/wp-json\/wp\/v2\/users\/1"}],"replies":[{"embeddable":true,"href":"https:\/\/www.tribunj.biz\/sk\/wp-json\/wp\/v2\/comments?post=9990"}],"version-history":[{"count":0,"href":"https:\/\/www.tribunj.biz\/sk\/wp-json\/wp\/v2\/posts\/9990\/revisions"}],"wp:featuredmedia":[{"embeddable":true,"href":"https:\/\/www.tribunj.biz\/sk\/wp-json\/wp\/v2\/media\/9991"}],"wp:attachment":[{"href":"https:\/\/www.tribunj.biz\/sk\/wp-json\/wp\/v2\/media?parent=9990"}],"wp:term":[{"taxonomy":"category","embeddable":true,"href":"https:\/\/www.tribunj.biz\/sk\/wp-json\/wp\/v2\/categories?post=9990"},{"taxonomy":"post_tag","embeddable":true,"href":"https:\/\/www.tribunj.biz\/sk\/wp-json\/wp\/v2\/tags?post=9990"}],"curies":[{"name":"wp","href":"https:\/\/api.w.org\/{rel}","templated":true}]}}