{"id":13919,"date":"2023-02-03T14:49:16","date_gmt":"2023-02-03T13:49:16","guid":{"rendered":"https:\/\/www.tribunj.biz\/?p=13919"},"modified":"2023-02-03T14:49:19","modified_gmt":"2023-02-03T13:49:19","slug":"nagra-av-de-viktiga-helgdagarna-i-tribunj","status":"publish","type":"post","link":"https:\/\/www.tribunj.biz\/sv\/2023\/02\/03\/some-of-the-important-holidays-in-tribunj\/","title":{"rendered":"N\u00e5gra av de viktiga helgdagarna i Tribunj"},"content":{"rendered":"<p>Tribunj, som en katolsk stad i Kroatien, firar flera katolska h\u00f6gtider under \u00e5ret. N\u00e5gra av de viktigaste h\u00f6gtiderna i Tribunj inkluderar:<\/p>\n\n\n\n<ol class=\"wp-block-list\">\n<li>Sankt Nikolaus dag: Denna festdag h\u00e5lls till stadens skyddshelgons \u00e4ra och inkluderar vanligtvis processioner, b\u00f6ner och andra religi\u00f6sa ceremonier.<\/li>\n\n\n\n<li>St. Ante-dagen<\/li>\n\n\n\n<li>V\u00e5r Fru \u2013 V\u00e5r Fru-kyrkan i Tribunj, Kroatien, \u00e4r en katolsk kyrka till\u00e4gnad Jungfru Maria. Den ligger i stadens centrum och \u00e4r ett v\u00e4lk\u00e4nt landm\u00e4rke. Kyrkan \u00e4r en popul\u00e4r plats f\u00f6r tillbedjan f\u00f6r lokalbefolkningen, och m\u00e5nga inv\u00e5nare deltar i m\u00e4ssor och andra religi\u00f6sa tj\u00e4nster d\u00e4r. V\u00e5r Fru-kyrkan \u00e4r k\u00e4nd f\u00f6r sin vackra arkitektur, inklusive dess rymliga interi\u00f6r, invecklade sniderier och fantastiska glasm\u00e5lningar. Bes\u00f6kare till kyrkan sl\u00e5s ofta av dess fridfulla atmosf\u00e4r och fridfulla sk\u00f6nhet. F\u00f6rutom sin religi\u00f6sa betydelse spelar V\u00e5r Fru-kyrkan ocks\u00e5 en viktig roll i Tribunjs kulturella och sociala liv. Den \u00e4r v\u00e4rd f\u00f6r en m\u00e4ngd olika evenemang och aktiviteter under hela \u00e5ret, inklusive konserter, utst\u00e4llningar och samh\u00e4llssammankomster. Bes\u00f6kare till Tribunj uppmuntras att bes\u00f6ka V\u00e5r Fru-kyrkan f\u00f6r att uppleva dess sk\u00f6nhet och betydelse f\u00f6r sig sj\u00e4lva. Oavsett om du \u00e4r en religi\u00f6s person eller bara \u00e4r intresserad av den lokala kulturen och historien, \u00e4r denna kyrka ett m\u00e5ste att se i staden.<\/li>\n\n\n\n<li>P\u00e5sk: Denna h\u00f6gtid \u00e4r en av de viktigaste i den kristna kalendern och markerar Jesu Kristi uppst\u00e5ndelse. I Tribunj firas p\u00e5sken med stor v\u00f6rdnad och inkluderar m\u00e5nga religi\u00f6sa gudstj\u00e4nster och fester.<\/li>\n\n\n\n<li>Jul: Denna h\u00f6gtid markerar Jesu Kristi f\u00f6delse och firas runt om i v\u00e4rlden, inklusive i Tribunj. Staden brukar h\u00e5lla m\u00e4ssor, konserter och andra religi\u00f6sa aktiviteter.<\/li>\n<\/ol>\n\n\n\n<p>Detta \u00e4r bara n\u00e5gra av de h\u00f6gtider som firas i Tribunj, och det specifika programmet och aktiviteterna kan variera fr\u00e5n \u00e5r till \u00e5r. Det \u00e4r viktigt att notera att denna lista inte \u00e4r utt\u00f6mmande, och det kan finnas andra h\u00f6gtider som firas i staden ocks\u00e5.<\/p>","protected":false},"excerpt":{"rendered":"<p>Tribunj, as a Catholic town in Croatia, celebrates several Catholic holidays throughout the year. Some of the main holidays in Tribunj include: These are just some of the holidays celebrated in Tribunj, and the specific program and activities may vary from year to year. It is important to note that this list is not exhaustive, &hellip; <a href=\"https:\/\/www.tribunj.biz\/sv\/2023\/02\/03\/some-of-the-important-holidays-in-tribunj\/\" class=\"more-link\">Forts\u00e4tt l\u00e4sa<span class=\"screen-reader-text\"> &#8220;Some of the important holidays in Tribunj&#8221;<\/span><\/a><\/p>","protected":false},"author":1,"featured_media":713,"comment_status":"open","ping_status":"closed","sticky":false,"template":"","format":"standard","meta":{"advanced_seo_description":"","jetpack_seo_html_title":"","jetpack_seo_noindex":false,"_jetpack_memberships_contains_paid_content":false,"footnotes":""},"categories":[39],"tags":[130,38],"class_list":["post-13919","post","type-post","status-publish","format-standard","has-post-thumbnail","hentry","category-tribunj","tag-holidays","tag-tribunj"],"jetpack_featured_media_url":"https:\/\/www.tribunj.biz\/wp-content\/uploads\/2018\/04\/tribunj-85.jpg","jetpack_sharing_enabled":true,"jetpack_likes_enabled":true,"_links":{"self":[{"href":"https:\/\/www.tribunj.biz\/sv\/wp-json\/wp\/v2\/posts\/13919","targetHints":{"allow":["GET"]}}],"collection":[{"href":"https:\/\/www.tribunj.biz\/sv\/wp-json\/wp\/v2\/posts"}],"about":[{"href":"https:\/\/www.tribunj.biz\/sv\/wp-json\/wp\/v2\/types\/post"}],"author":[{"embeddable":true,"href":"https:\/\/www.tribunj.biz\/sv\/wp-json\/wp\/v2\/users\/1"}],"replies":[{"embeddable":true,"href":"https:\/\/www.tribunj.biz\/sv\/wp-json\/wp\/v2\/comments?post=13919"}],"version-history":[{"count":0,"href":"https:\/\/www.tribunj.biz\/sv\/wp-json\/wp\/v2\/posts\/13919\/revisions"}],"wp:featuredmedia":[{"embeddable":true,"href":"https:\/\/www.tribunj.biz\/sv\/wp-json\/wp\/v2\/media\/713"}],"wp:attachment":[{"href":"https:\/\/www.tribunj.biz\/sv\/wp-json\/wp\/v2\/media?parent=13919"}],"wp:term":[{"taxonomy":"category","embeddable":true,"href":"https:\/\/www.tribunj.biz\/sv\/wp-json\/wp\/v2\/categories?post=13919"},{"taxonomy":"post_tag","embeddable":true,"href":"https:\/\/www.tribunj.biz\/sv\/wp-json\/wp\/v2\/tags?post=13919"}],"curies":[{"name":"wp","href":"https:\/\/api.w.org\/{rel}","templated":true}]}}