{"id":14552,"date":"2023-05-01T00:51:15","date_gmt":"2023-04-30T22:51:15","guid":{"rendered":"https:\/\/www.tribunj.biz\/?p=14552"},"modified":"2023-05-01T00:51:18","modified_gmt":"2023-04-30T22:51:18","slug":"mayis-ayinda-tribunjda-tatil-nasil-gecirilir","status":"publish","type":"post","link":"https:\/\/www.tribunj.biz\/tr\/2023\/05\/01\/how-to-spend-holiday-in-tribunj-in-may\/","title":{"rendered":"May\u0131s ay\u0131nda Tribunj&#039;da tatil nas\u0131l ge\u00e7irilir?"},"content":{"rendered":"<p>Tribunj, H\u0131rvatistan&#039;da g\u00fczel bir sahil kasabas\u0131d\u0131r ve May\u0131s ay\u0131, havan\u0131n s\u0131cak ve g\u00fcne\u015fli olmas\u0131, ancak turist kalabal\u0131\u011f\u0131n\u0131n \u00e7ok fazla olmamas\u0131 nedeniyle ziyaret etmek i\u00e7in harika bir zamand\u0131r. \u0130\u015fte May\u0131s ay\u0131nda Tribunj&#039;da tatilinizi nas\u0131l ge\u00e7irece\u011finize dair baz\u0131 fikirler:<\/p>\n\n\n\n<p>Eski \u015eehri Ke\u015ffedin: Dar sokaklar\u0131, ta\u015f evleri ve pitoresk liman\u0131yla Tribunj&#039;un b\u00fcy\u00fcleyici eski \u015fehrinde bir gezintiye \u00e7\u0131k\u0131n. Geleneksel mimariye hayran kalabilir, yerel kiliseyi ziyaret edebilir ve d\u00fckkanlar ile kafeleri gezebilirsiniz.<\/p>\n\n\n\n<p>Plajlar\u0131 Ziyaret Edin: Tribunj&#039;da y\u00fczmek ve g\u00fcne\u015flenmek i\u00e7in m\u00fckemmel olan bir\u00e7ok g\u00fczel plaj bulunmaktad\u0131r. Pop\u00fcler se\u00e7enekler aras\u0131nda Zamalin Plaj\u0131, Sovlje Plaj\u0131 ve yak\u0131ndaki Vodice k\u00f6y\u00fcndeki kumlu plaj yer almaktad\u0131r.<\/p>\n\n\n\n<p>Tekne Turuna \u00c7\u0131k\u0131n: \u00c7arp\u0131c\u0131 do\u011fal g\u00fczellikleri ve kristal berrakl\u0131\u011f\u0131ndaki sular\u0131 ile bilinen yak\u0131ndaki Murter ve Kornati adalar\u0131na tekne turuna \u00e7\u0131k\u0131n. Ayr\u0131ca kano veya k\u00fcrek s\u00f6rf\u00fc kiralayarak k\u0131y\u0131 \u015feridini kendi h\u0131z\u0131n\u0131zda ke\u015ffedebilirsiniz.<\/p>\n\n\n\n<p>Yerel Mutfa\u011f\u0131 Deneyin: H\u0131rvat mutfa\u011f\u0131 lezzetlidir ve Tribunj&#039;da taze deniz \u00fcr\u00fcnleri, \u0131zgara etler ve ahtapot salatas\u0131 ve peka (yava\u015f pi\u015firilmi\u015f et ve sebze yeme\u011fi) gibi yerel spesiyaliteler sunan bir\u00e7ok harika restoran bulunmaktad\u0131r.<\/p>\n\n\n\n<p>Do\u011fa Y\u00fcr\u00fcy\u00fc\u015f\u00fc Yap\u0131n: E\u011fer do\u011fa y\u00fcr\u00fcy\u00fc\u015f\u00fcnden ho\u015flan\u0131yorsan\u0131z, b\u00f6lgede sahil \u015feridinin ve \u00e7evredeki k\u0131rsal alan\u0131n nefes kesen manzaralar\u0131n\u0131 sunan bir\u00e7ok do\u011fal y\u00fcr\u00fcy\u00fc\u015f parkuru bulunmaktad\u0131r. Pop\u00fcler se\u00e7eneklerden biri, kasaban\u0131n ve denizin panoramik manzaralar\u0131n\u0131 sunan yak\u0131ndaki Vrhovac tepesinin zirvesine \u00e7\u0131kan parkurdur.<\/p>\n\n\n\n<p>Yerel Festivallere Kat\u0131l\u0131n: May\u0131s ay\u0131, Tribunj ve yak\u0131n kasabalardaki yerel festivalleri ve etkinlikleri deneyimlemek i\u00e7in harika bir zamand\u0131r. \u00d6rne\u011fin, yak\u0131nlardaki \u0160ibenik kasabas\u0131 May\u0131s ay\u0131nda tiyatro g\u00f6sterileri, konserler ve \u00e7ocuklar i\u00e7in at\u00f6lye \u00e7al\u0131\u015fmalar\u0131 i\u00e7eren Uluslararas\u0131 \u00c7ocuk Festivali&#039;ne ev sahipli\u011fi yap\u0131yor.<br \/>Tribunj&#039;daki Vanka Regule: Bu geleneksel festival, yaz sezonunun ba\u015flang\u0131c\u0131n\u0131 kutlamak amac\u0131yla 1 May\u0131s&#039;ta d\u00fczenlenir. Tekne ge\u00e7it t\u00f6reni, konserler, dans g\u00f6sterileri ve yerel \u00fcr\u00fcnler ile el sanatlar\u0131n\u0131n sat\u0131ld\u0131\u011f\u0131 bir pazar gibi \u00e7e\u015fitli etkinlikler yer al\u0131r.<\/p>\n\n\n\n<p>\u0160ibenik Uluslararas\u0131 \u00c7ocuk Festivali: Bu festival, yak\u0131nlardaki \u0160ibenik kasabas\u0131nda d\u00fczenlenen ve \u00e7ocuklara adanm\u0131\u015f bir etkinliktir. Tiyatro g\u00f6sterileri, konserler ve \u00e7ocuklar i\u00e7in at\u00f6lye \u00e7al\u0131\u015fmalar\u0131 gibi \u00e7e\u015fitli etkinlikler sunmaktad\u0131r. Festival 1958&#039;den beri d\u00fczenlenmekte olup her y\u0131l May\u0131s ve Haziran aylar\u0131nda ger\u00e7ekle\u015ftirilmektedir.<\/p>\n\n\n\n<p>Fa\u017eana Bal\u0131k\u00e7\u0131lar Festivali: Fa\u017eana, \u0130striya yar\u0131madas\u0131nda bulunan k\u00fc\u00e7\u00fck bir kasabad\u0131r. Bal\u0131k\u00e7\u0131lar Festivali, May\u0131s ay\u0131nda \u00fc\u00e7 g\u00fcn s\u00fcren ve kasaban\u0131n bal\u0131k\u00e7\u0131l\u0131k geleneklerini kutlayan bir etkinliktir. Festivalde yerel deniz \u00fcr\u00fcnleri yemekleri, m\u00fczik ve dans\u0131n yan\u0131 s\u0131ra s\u00fcslenmi\u015f bal\u0131k\u00e7\u0131 teknelerinin ge\u00e7it t\u00f6reni de yer al\u0131r.<\/p>\n\n\n\n<p>Zadar A\u00e7\u0131k Hava Festivali: Zadar, Tribunj&#039;un kuzeyinde yer alan bir sahil \u015fehridir. Zadar A\u00e7\u0131k Hava Festivali, May\u0131s ay\u0131nda d\u00fczenlenen d\u00f6rt g\u00fcnl\u00fck bir etkinlik olup, y\u00fcr\u00fcy\u00fc\u015f, t\u0131rmanma ve bisiklet gibi a\u00e7\u0131k hava aktivitelerini kutlar. Festivalde amat\u00f6rler ve profesyoneller i\u00e7in rehberli turlar, at\u00f6lye \u00e7al\u0131\u015fmalar\u0131 ve yar\u0131\u015fmalar yer almaktad\u0131r.<\/p>\n\n\n\n<p>Split Bahar Festivali: Split, Tribunj&#039;un g\u00fcneyinde yer alan bir sahil \u015fehridir. Split Bahar Festivali, May\u0131s ay\u0131nda d\u00fczenlenen iki haftal\u0131k bir etkinlik olup konserler, tiyatro g\u00f6sterileri, sergiler ve at\u00f6lyeler gibi \u00e7e\u015fitli k\u00fclt\u00fcrel etkinliklere ev sahipli\u011fi yapar. Festival, \u00e7e\u015fitli program\u0131 ve y\u00fcksek kaliteli performanslar\u0131yla bilinir.<\/p>\n\n\n\n<p>Krka Ultra Challenge: Bu, Tribunj&#039;dan yakla\u015f\u0131k 45 dakika uzakl\u0131kta bulunan Krka Milli Park\u0131&#039;nda d\u00fczenlenen bir patika ko\u015fusu yar\u0131\u015f\u0131d\u0131r. Yar\u0131\u015f, 10 km&#039;den 70 km&#039;ye kadar \u00e7e\u015fitli mesafeleri i\u00e7erir ve ko\u015fucular\u0131 park\u0131n muhte\u015fem manzaralar\u0131 aras\u0131ndan ge\u00e7irir.<\/p>\n\n\n\n<p>Uluslararas\u0131 \u00c7ocuk Tiyatrosu Festivali: Bu festival, Tribunj&#039;dan yakla\u015f\u0131k bir bu\u00e7uk saatlik s\u00fcr\u00fc\u015f mesafesinde bulunan Zadar&#039;da May\u0131s ay\u0131n\u0131n sonlar\u0131nda d\u00fczenleniyor. Festivalde d\u00fcnyan\u0131n d\u00f6rt bir yan\u0131ndan \u00e7ocuklar\u0131n tiyatro performanslar\u0131 sergileniyor ve \u00e7ocuklar i\u00e7in at\u00f6lye \u00e7al\u0131\u015fmalar\u0131, kukla g\u00f6sterileri ve di\u011fer etkinlikler yer al\u0131yor.<\/p>\n\n\n\n<p>Fjera: Bu, May\u0131s sonlar\u0131nda yak\u0131nlardaki Vodice kasabas\u0131nda d\u00fczenlenen geleneksel bir festivaldir. Festivalde canl\u0131 m\u00fczik, dans g\u00f6sterileri ve ya\u011fl\u0131 dire\u011fe t\u0131rmanma yar\u0131\u015fmas\u0131 gibi geleneksel oyunlar ve etkinlikler yer al\u0131r.<\/p>\n\n\n\n<p>Bunlar, May\u0131s ay\u0131nda H\u0131rvatistan&#039;da ger\u00e7ekle\u015fen bir\u00e7ok festival ve etkinli\u011fin sadece birka\u00e7 \u00f6rne\u011fidir. K\u00fclt\u00fcrel etkinlikler, a\u00e7\u0131k hava maceralar\u0131 veya geleneksel kutlamalarla ilgileniyorsan\u0131z, herkesin keyif alabilece\u011fi bir \u015feyler mutlaka vard\u0131r.<\/p>\n\n\n\n<p>Genel olarak, May\u0131s ay\u0131nda Tribunj&#039;da ge\u00e7irece\u011finiz tatil boyunca sizi me\u015fgul edecek bir\u00e7ok aktivite bulunmaktad\u0131r. \u0130ster plajda dinlenmek, ister yerel k\u00fclt\u00fcr\u00fc ve mutfa\u011f\u0131 ke\u015ffetmek, ister a\u00e7\u0131k havada aktif olmak isteyin, herkesin keyif alabilece\u011fi bir \u015feyler mutlaka vard\u0131r.<\/p>","protected":false},"excerpt":{"rendered":"<p>Tribunj is a beautiful coastal town in Croatia, and May is a great time to visit as the weather is warm and sunny, but not too crowded with tourists. Here are some ideas for how to spend your holiday in Tribunj in May: Explore the Old Town: Take a stroll through the charming old town &hellip; <a href=\"https:\/\/www.tribunj.biz\/tr\/2023\/05\/01\/how-to-spend-holiday-in-tribunj-in-may\/\" class=\"more-link\">Continue reading<span class=\"screen-reader-text\"> &#8220;How to spend holiday in Tribunj in May&#8221;<\/span><\/a><\/p>","protected":false},"author":1,"featured_media":0,"comment_status":"open","ping_status":"closed","sticky":false,"template":"","format":"standard","meta":{"advanced_seo_description":"","jetpack_seo_html_title":"","jetpack_seo_noindex":false,"_jetpack_memberships_contains_paid_content":false,"footnotes":""},"categories":[100],"tags":[],"class_list":["post-14552","post","type-post","status-publish","format-standard","hentry","category-sibenik-county"],"jetpack_featured_media_url":"","jetpack_sharing_enabled":true,"jetpack_likes_enabled":true,"_links":{"self":[{"href":"https:\/\/www.tribunj.biz\/tr\/wp-json\/wp\/v2\/posts\/14552","targetHints":{"allow":["GET"]}}],"collection":[{"href":"https:\/\/www.tribunj.biz\/tr\/wp-json\/wp\/v2\/posts"}],"about":[{"href":"https:\/\/www.tribunj.biz\/tr\/wp-json\/wp\/v2\/types\/post"}],"author":[{"embeddable":true,"href":"https:\/\/www.tribunj.biz\/tr\/wp-json\/wp\/v2\/users\/1"}],"replies":[{"embeddable":true,"href":"https:\/\/www.tribunj.biz\/tr\/wp-json\/wp\/v2\/comments?post=14552"}],"version-history":[{"count":0,"href":"https:\/\/www.tribunj.biz\/tr\/wp-json\/wp\/v2\/posts\/14552\/revisions"}],"wp:attachment":[{"href":"https:\/\/www.tribunj.biz\/tr\/wp-json\/wp\/v2\/media?parent=14552"}],"wp:term":[{"taxonomy":"category","embeddable":true,"href":"https:\/\/www.tribunj.biz\/tr\/wp-json\/wp\/v2\/categories?post=14552"},{"taxonomy":"post_tag","embeddable":true,"href":"https:\/\/www.tribunj.biz\/tr\/wp-json\/wp\/v2\/tags?post=14552"}],"curies":[{"name":"wp","href":"https:\/\/api.w.org\/{rel}","templated":true}]}}